{"id":12092,"date":"2023-10-25T07:29:00","date_gmt":"2023-10-25T05:29:00","guid":{"rendered":"https:\/\/lo6.szczecin.pl\/?p=12092"},"modified":"2023-10-26T07:30:53","modified_gmt":"2023-10-26T05:30:53","slug":"pobudzic-kreatywnosc","status":"publish","type":"post","link":"https:\/\/lo6.szczecin.pl\/index.php\/2023\/10\/25\/pobudzic-kreatywnosc\/","title":{"rendered":"Pobudzi\u0107 kreatywno\u015b\u0107"},"content":{"rendered":"<p style=\"padding-left: 40px;\">We wtorek, czyli 24 pa\u017adziernika, m\u0142odzie\u017c ze szczeci\u0144skich szk\u00f3\u0142 wzi\u0119\u0142a udzia\u0142 w warsztatach przygotowanych przez Caritas Archidiecezji Szczeci\u0144sko-Kamie\u0144skiej. Zaj\u0119cia by\u0142y zorganizowane w ramach projektu : Stabilny wolontariat &#8211; wiedza ekonomiczna jako narz\u0119dzie sprawnego realizowania dzia\u0142a\u0144 spo\u0142ecznych przy wsp\u00f3\u0142pracy Narodowego Banku Polskiego. Warsztaty dotyczy\u0142y kreatywnego pisania, a prowadzi\u0142a je znana szczeci\u0144ska pisarka &#8211; Sylwia Trojanowska.<br \/>\nByli tam te\u017c nasi uczniowie.<\/p>\n<p style=\"padding-left: 40px;\"><a href=\"https:\/\/radioszczecin.pl\/1,463043,warsztaty-kreatywnego-pisania-dla-mlodziezy-zdje\">Warsztaty kreatywnego pisania dla m\u0142odzie\u017cy [ZDJ\u0118CIA] &#8211; Region &#8211; Radio Szczecin<\/a><\/p>\n","protected":false},"excerpt":{"rendered":"<p>We wtorek, czyli 24 pa\u017adziernika, m\u0142odzie\u017c ze szczeci\u0144skich szk\u00f3\u0142 wzi\u0119\u0142a udzia\u0142 w warsztatach przygotowanych przez Caritas Archidiecezji Szczeci\u0144sko-Kamie\u0144skiej. Zaj\u0119cia by\u0142y zorganizowane w ramach projektu : Stabilny wolontariat &#8211; wiedza ekonomiczna jako narz\u0119dzie sprawnego realizowania dzia\u0142a\u0144 spo\u0142ecznych przy wsp\u00f3\u0142pracy Narodowego Banku Polskiego. Warsztaty dotyczy\u0142y kreatywnego pisania, a prowadzi\u0142a je znana szczeci\u0144ska pisarka &#8211; Sylwia Trojanowska. Byli&#8230;<\/p>\n","protected":false},"author":4,"featured_media":12093,"comment_status":"closed","ping_status":"closed","sticky":false,"template":"","format":"gallery","meta":{"_acf_changed":false,"_s2mail":"","footnotes":""},"categories":[1],"tags":[],"class_list":["post-12092","post","type-post","status-publish","format-gallery","has-post-thumbnail","hentry","category-bez-kategorii","post_format-post-format-gallery"],"acf":[],"_links":{"self":[{"href":"https:\/\/lo6.szczecin.pl\/index.php\/wp-json\/wp\/v2\/posts\/12092","targetHints":{"allow":["GET"]}}],"collection":[{"href":"https:\/\/lo6.szczecin.pl\/index.php\/wp-json\/wp\/v2\/posts"}],"about":[{"href":"https:\/\/lo6.szczecin.pl\/index.php\/wp-json\/wp\/v2\/types\/post"}],"author":[{"embeddable":true,"href":"https:\/\/lo6.szczecin.pl\/index.php\/wp-json\/wp\/v2\/users\/4"}],"replies":[{"embeddable":true,"href":"https:\/\/lo6.szczecin.pl\/index.php\/wp-json\/wp\/v2\/comments?post=12092"}],"version-history":[{"count":2,"href":"https:\/\/lo6.szczecin.pl\/index.php\/wp-json\/wp\/v2\/posts\/12092\/revisions"}],"predecessor-version":[{"id":12095,"href":"https:\/\/lo6.szczecin.pl\/index.php\/wp-json\/wp\/v2\/posts\/12092\/revisions\/12095"}],"wp:featuredmedia":[{"embeddable":true,"href":"https:\/\/lo6.szczecin.pl\/index.php\/wp-json\/wp\/v2\/media\/12093"}],"wp:attachment":[{"href":"https:\/\/lo6.szczecin.pl\/index.php\/wp-json\/wp\/v2\/media?parent=12092"}],"wp:term":[{"taxonomy":"category","embeddable":true,"href":"https:\/\/lo6.szczecin.pl\/index.php\/wp-json\/wp\/v2\/categories?post=12092"},{"taxonomy":"post_tag","embeddable":true,"href":"https:\/\/lo6.szczecin.pl\/index.php\/wp-json\/wp\/v2\/tags?post=12092"}],"curies":[{"name":"wp","href":"https:\/\/api.w.org\/{rel}","templated":true}]}}