{"id":12087,"date":"2023-10-23T10:02:32","date_gmt":"2023-10-23T08:02:32","guid":{"rendered":"https:\/\/lo6.szczecin.pl\/?p=12087"},"modified":"2023-10-26T17:01:22","modified_gmt":"2023-10-26T15:01:22","slug":"zebrania-z-rodzicami-uczniow-klas-i-i-konsultacje-dla-rodzicow-uczniow-klas-ii-iv","status":"publish","type":"post","link":"https:\/\/lo6.szczecin.pl\/index.php\/2023\/10\/23\/zebrania-z-rodzicami-uczniow-klas-i-i-konsultacje-dla-rodzicow-uczniow-klas-ii-iv\/","title":{"rendered":"Zebrania z rodzicami uczni\u00f3w klas I i konsultacje dla rodzic\u00f3w uczni\u00f3w klas II-IV"},"content":{"rendered":"<p style=\"padding-left: 40px;\">Dnia 26.10.2023 r. odb\u0119d\u0105 si\u0119:<\/p>\n<p style=\"padding-left: 40px;\"><strong>Zebrania z rodzicami uczni\u00f3w klas I:<\/strong><\/p>\n<ul>\n<li>\u00a0godz. 17.00, klasy 1 A1, 1 A2, 1 C i 1D &#8211; ZEBRANIE OG\u00d3LNE w sali 20-21 na II pi\u0119trze, spotkanie z psychologami, p\u00f3\u017aniej przej\u015bcie na spotkania z wychowawcami, przedstawienie wynik\u00f3w diagnoz;<\/li>\n<\/ul>\n<p style=\"padding-left: 80px;\">klasa\u00a0\u00a0\u00a0\u00a0\u00a0 1 A1\u00a0 \u00a0 \u00a0 \u00a0 \u00a0Agnieszka Jelonek-Pawlik, sala 10<\/p>\n<p style=\"padding-left: 80px;\">klasa\u00a0\u00a0\u00a0\u00a0\u00a0 1 A2\u00a0 \u00a0 \u00a0 \u00a0 Lidia Wasilewska, sala 101<\/p>\n<p style=\"padding-left: 80px;\">klasa\u00a0\u00a0\u00a0\u00a0\u00a0 1 C\u00a0 \u00a0 \u00a0 \u00a0 \u00a0 Anna Ihma-Kasprzyk, sala 14<\/p>\n<p style=\"padding-left: 80px;\">klasa\u00a0\u00a0\u00a0\u00a0\u00a0 1 D\u00a0\u00a0\u00a0\u00a0\u00a0\u00a0\u00a0\u00a0 Anna Stach\u00f3w, sala 5<\/p>\n<ul>\n<li>godz. 18.00, klasy 1 B1, 1 B2,i 1B3 &#8211; ZEBRANIE OG\u00d3LNE w sali 20-21 na II pi\u0119trze, spotkanie z psychologami, p\u00f3\u017aniej przej\u015bcie na spotkania z wychowawcami, przedstawienie wynik\u00f3w diagnoz;<\/li>\n<\/ul>\n<p style=\"padding-left: 80px;\">klasa\u00a0\u00a0\u00a0\u00a0\u00a0 1 B1\u00a0 \u00a0 \u00a0 \u00a0 Iwona Kacalak, sala 13<\/p>\n<p style=\"padding-left: 80px;\">klasa\u00a0\u00a0\u00a0\u00a0\u00a0 1 B2\u00a0 \u00a0 \u00a0 \u00a0 Monika \u0141uczak, sala 4<\/p>\n<p style=\"padding-left: 80px;\">klasa\u00a0\u00a0\u00a0\u00a0\u00a0 1 B3\u00a0 \u00a0 \u00a0 \u00a0 Paulina Ku\u017amo-Biwan, sala 6<\/p>\n<p>&nbsp;<\/p>\n<p style=\"padding-left: 40px;\"><strong>Konsultacje indywidualne rodzic\u00f3w z nauczycielami:<\/strong><br \/>\n(wskazane jest um\u00f3wienie godziny konsultacji z nauczycielem)<\/p>\n<ul>\n<li>od godz. 17.00 do godz. 19.00 &#8211; klasy I, II, III i IV &#8211; bie\u017c\u0105ce osi\u0105gni\u0119cia uczni\u00f3w, post\u0119py w nauce.<\/li>\n<\/ul>\n","protected":false},"excerpt":{"rendered":"<p>Dnia 26.10.2023 r. odb\u0119d\u0105 si\u0119: Zebrania z rodzicami uczni\u00f3w klas I: \u00a0godz. 17.00, klasy 1 A1, 1 A2, 1 C i 1D &#8211; ZEBRANIE OG\u00d3LNE w sali 20-21 na II pi\u0119trze, spotkanie z psychologami, p\u00f3\u017aniej przej\u015bcie na spotkania z wychowawcami, przedstawienie wynik\u00f3w diagnoz; klasa\u00a0\u00a0\u00a0\u00a0\u00a0 1 A1\u00a0 \u00a0 \u00a0 \u00a0 \u00a0Agnieszka Jelonek-Pawlik, sala 10 klasa\u00a0\u00a0\u00a0\u00a0\u00a0 1&#8230;<\/p>\n","protected":false},"author":4,"featured_media":5177,"comment_status":"closed","ping_status":"closed","sticky":false,"template":"","format":"gallery","meta":{"_acf_changed":false,"_s2mail":"","footnotes":""},"categories":[1],"tags":[],"class_list":["post-12087","post","type-post","status-publish","format-gallery","has-post-thumbnail","hentry","category-bez-kategorii","post_format-post-format-gallery"],"acf":[],"_links":{"self":[{"href":"https:\/\/lo6.szczecin.pl\/index.php\/wp-json\/wp\/v2\/posts\/12087","targetHints":{"allow":["GET"]}}],"collection":[{"href":"https:\/\/lo6.szczecin.pl\/index.php\/wp-json\/wp\/v2\/posts"}],"about":[{"href":"https:\/\/lo6.szczecin.pl\/index.php\/wp-json\/wp\/v2\/types\/post"}],"author":[{"embeddable":true,"href":"https:\/\/lo6.szczecin.pl\/index.php\/wp-json\/wp\/v2\/users\/4"}],"replies":[{"embeddable":true,"href":"https:\/\/lo6.szczecin.pl\/index.php\/wp-json\/wp\/v2\/comments?post=12087"}],"version-history":[{"count":5,"href":"https:\/\/lo6.szczecin.pl\/index.php\/wp-json\/wp\/v2\/posts\/12087\/revisions"}],"predecessor-version":[{"id":12104,"href":"https:\/\/lo6.szczecin.pl\/index.php\/wp-json\/wp\/v2\/posts\/12087\/revisions\/12104"}],"wp:featuredmedia":[{"embeddable":true,"href":"https:\/\/lo6.szczecin.pl\/index.php\/wp-json\/wp\/v2\/media\/5177"}],"wp:attachment":[{"href":"https:\/\/lo6.szczecin.pl\/index.php\/wp-json\/wp\/v2\/media?parent=12087"}],"wp:term":[{"taxonomy":"category","embeddable":true,"href":"https:\/\/lo6.szczecin.pl\/index.php\/wp-json\/wp\/v2\/categories?post=12087"},{"taxonomy":"post_tag","embeddable":true,"href":"https:\/\/lo6.szczecin.pl\/index.php\/wp-json\/wp\/v2\/tags?post=12087"}],"curies":[{"name":"wp","href":"https:\/\/api.w.org\/{rel}","templated":true}]}}