{"id":11980,"date":"2023-09-22T14:43:50","date_gmt":"2023-09-22T12:43:50","guid":{"rendered":"https:\/\/lo6.szczecin.pl\/?p=11980"},"modified":"2023-09-22T14:43:50","modified_gmt":"2023-09-22T12:43:50","slug":"zawody-la","status":"publish","type":"post","link":"https:\/\/lo6.szczecin.pl\/index.php\/2023\/09\/22\/zawody-la\/","title":{"rendered":"Zawody LA"},"content":{"rendered":"<p style=\"padding-left: 40px; text-align: left;\">Z przyjemno\u015bci\u0105 chcia\u0142abym przekaza\u0107 Pa\u0144stwu informacje, \u017ce uczennice naszej szko\u0142y zdoby\u0142y 5 medali.<br \/>\nMartyna Wsz\u0119dyby\u0142 (kl. 2B2) &#8211; 2 miejsce w biegu na 200 metr\u00f3w;<br \/>\nAmelia Skupin (kl.2B2) &#8211; 1 miejsce w biegu na 400 metr\u00f3w;<br \/>\nKatarzyna Rusin (kl.2A1) &#8211; 2 miejsce w rzucie dyskiem;<br \/>\nDonata Kucharska (kl.4B) &#8211; 3 miejsce w rzucie oszczepem, z czego, co musz\u0119 zaznaczy\u0107, pierwsze miejsce zdoby\u0142a mistrzyni Polski w rzucie oszczepem, a miejsce drugie zaj\u0119\u0142a jej kole\u017canka po fachu, zawodniczka specjalizuj\u0105ca si\u0119 w tej konkurencji;<br \/>\nsztafeta 4&#215;100 m &#8211; 2 miejsce (Amelia Skupin, Martyna Wsz\u0119dyby\u0142, Paulina Ratomska i Maja Szych).<\/p>\n<p style=\"padding-left: 40px; text-align: right;\">Agnieszka Jelonek-Pawlik.<\/p>\n","protected":false},"excerpt":{"rendered":"<p>Z przyjemno\u015bci\u0105 chcia\u0142abym przekaza\u0107 Pa\u0144stwu informacje, \u017ce uczennice naszej szko\u0142y zdoby\u0142y 5 medali. Martyna Wsz\u0119dyby\u0142 (kl. 2B2) &#8211; 2 miejsce w biegu na 200 metr\u00f3w; Amelia Skupin (kl.2B2) &#8211; 1 miejsce w biegu na 400 metr\u00f3w; Katarzyna Rusin (kl.2A1) &#8211; 2 miejsce w rzucie dyskiem; Donata Kucharska (kl.4B) &#8211; 3 miejsce w rzucie oszczepem, z&#8230;<\/p>\n","protected":false},"author":4,"featured_media":0,"comment_status":"closed","ping_status":"closed","sticky":false,"template":"","format":"gallery","meta":{"_acf_changed":false,"_s2mail":"","footnotes":""},"categories":[1],"tags":[],"class_list":["post-11980","post","type-post","status-publish","format-gallery","hentry","category-bez-kategorii","post_format-post-format-gallery"],"acf":[],"_links":{"self":[{"href":"https:\/\/lo6.szczecin.pl\/index.php\/wp-json\/wp\/v2\/posts\/11980","targetHints":{"allow":["GET"]}}],"collection":[{"href":"https:\/\/lo6.szczecin.pl\/index.php\/wp-json\/wp\/v2\/posts"}],"about":[{"href":"https:\/\/lo6.szczecin.pl\/index.php\/wp-json\/wp\/v2\/types\/post"}],"author":[{"embeddable":true,"href":"https:\/\/lo6.szczecin.pl\/index.php\/wp-json\/wp\/v2\/users\/4"}],"replies":[{"embeddable":true,"href":"https:\/\/lo6.szczecin.pl\/index.php\/wp-json\/wp\/v2\/comments?post=11980"}],"version-history":[{"count":2,"href":"https:\/\/lo6.szczecin.pl\/index.php\/wp-json\/wp\/v2\/posts\/11980\/revisions"}],"predecessor-version":[{"id":11982,"href":"https:\/\/lo6.szczecin.pl\/index.php\/wp-json\/wp\/v2\/posts\/11980\/revisions\/11982"}],"wp:attachment":[{"href":"https:\/\/lo6.szczecin.pl\/index.php\/wp-json\/wp\/v2\/media?parent=11980"}],"wp:term":[{"taxonomy":"category","embeddable":true,"href":"https:\/\/lo6.szczecin.pl\/index.php\/wp-json\/wp\/v2\/categories?post=11980"},{"taxonomy":"post_tag","embeddable":true,"href":"https:\/\/lo6.szczecin.pl\/index.php\/wp-json\/wp\/v2\/tags?post=11980"}],"curies":[{"name":"wp","href":"https:\/\/api.w.org\/{rel}","templated":true}]}}