{"id":11930,"date":"2023-08-24T08:34:17","date_gmt":"2023-08-24T06:34:17","guid":{"rendered":"https:\/\/lo6.szczecin.pl\/?p=11930"},"modified":"2023-08-29T08:09:02","modified_gmt":"2023-08-29T06:09:02","slug":"rozpoczecie-roku-szkolnego-2023-2024","status":"publish","type":"post","link":"https:\/\/lo6.szczecin.pl\/index.php\/2023\/08\/24\/rozpoczecie-roku-szkolnego-2023-2024\/","title":{"rendered":"Rozpocz\u0119cie roku szkolnego 2023\/2024"},"content":{"rendered":"<p style=\"padding-left: 40px;\">Rozpocz\u0119cie roku szkolnego 2023\/2024 odb\u0119dzie si\u0119 4 wrze\u015bnia 2023 r. w formie spotka\u0144 uczni\u00f3w z wychowawcami, w dw\u00f3ch turach:<\/p>\n<ol>\n<li style=\"list-style-type: none;\">\n<ol>\n<li><strong>Godzina 8.00 <\/strong><\/li>\n<\/ol>\n<\/li>\n<\/ol>\n<p style=\"padding-left: 80px;\">Klasa 1a1, wychowawca Agnieszka Jelonek-Pawlik, sala 25<\/p>\n<p style=\"padding-left: 80px;\">Klasa 1a2, wychowawca Lidia Wasilewska, sala 21<\/p>\n<p style=\"padding-left: 80px;\">Klasa 1b1, wychowawca Iwona Kacalak, sala 5<\/p>\n<p style=\"padding-left: 80px;\">Klasa 1b2, wychowawca Monika \u0141uczak, sala 4<\/p>\n<p style=\"padding-left: 80px;\">Klasa 1b3, wychowawca Paulina Ku\u017amo-Biwan, sala 7<\/p>\n<p style=\"padding-left: 80px;\">Klasa 1c, wychowawca Anna Ihman-Kasprzyk, sala 14<\/p>\n<p style=\"padding-left: 80px;\">Klasa 1d, wychowawca Anna Stach\u00f3w, sala 13<\/p>\n<p style=\"padding-left: 80px;\">Klasa 2b2, wychowawca Magdalena Falkowska-Kleszcz, sala 6<\/p>\n<p style=\"padding-left: 80px;\">Klasa 3a, wychowawca Piotr Kula, sala 10<\/p>\n<p style=\"padding-left: 80px;\">Klasa 3b1, wychowawca Dorota Krzysztofik, sala 22<\/p>\n<p style=\"padding-left: 80px;\">Klasa 3b2, wychowawca Anna Roman, sala 20<\/p>\n<p style=\"padding-left: 80px;\">Klasa 4a, wychowawca Edyta Borysiak, sala 23<\/p>\n<p style=\"padding-left: 80px;\">Klasa 4b, wychowawca Marzena Skrzy\u0144ska, sala 2<\/p>\n<p style=\"padding-left: 80px;\">Klasa 4c, wychowawca Magdalena Bohonos, sala 24<\/p>\n<ol>\n<li style=\"list-style-type: none;\">\n<ol start=\"2\">\n<li><strong>Godzina 9.00<\/strong><\/li>\n<\/ol>\n<\/li>\n<\/ol>\n<p style=\"padding-left: 80px;\">Klasa 2a1, wychowawca Agnieszka \u017begli\u0144ska, sala 7<\/p>\n<p style=\"padding-left: 80px;\">Klasa 2a2, wychowawca Beata Pachlowska, sala 25<\/p>\n<p style=\"padding-left: 80px;\">Klasa 2b, wychowawca Barbara Kowalska, sala 22<\/p>\n<p style=\"padding-left: 80px;\">Klasa 2b1S, wychowawca Liliana Kitzman, sala 6<\/p>\n<p style=\"padding-left: 80px;\">Klasa 2c, wychowawca Anna Cembrowska, sala 10<\/p>\n<p style=\"padding-left: 80px;\">Klasa 2d, wychowawca Anna Kokot, sala 4<\/p>\n<p style=\"padding-left: 80px;\">Klasa 3c, wychowawca Marek P\u0142atkowski, sala 5<\/p>\n<p style=\"padding-left: 40px;\">\n","protected":false},"excerpt":{"rendered":"<p>Rozpocz\u0119cie roku szkolnego 2023\/2024 odb\u0119dzie si\u0119 4 wrze\u015bnia 2023 r. w formie spotka\u0144 uczni\u00f3w z wychowawcami, w dw\u00f3ch turach: Godzina 8.00 Klasa 1a1, wychowawca Agnieszka Jelonek-Pawlik, sala 25 Klasa 1a2, wychowawca Lidia Wasilewska, sala 21 Klasa 1b1, wychowawca Iwona Kacalak, sala 5 Klasa 1b2, wychowawca Monika \u0141uczak, sala 4 Klasa 1b3, wychowawca Paulina Ku\u017amo-Biwan, sala&#8230;<\/p>\n","protected":false},"author":4,"featured_media":9394,"comment_status":"closed","ping_status":"closed","sticky":false,"template":"","format":"gallery","meta":{"_acf_changed":false,"_s2mail":"","footnotes":""},"categories":[1],"tags":[],"class_list":["post-11930","post","type-post","status-publish","format-gallery","has-post-thumbnail","hentry","category-bez-kategorii","post_format-post-format-gallery"],"acf":[],"_links":{"self":[{"href":"https:\/\/lo6.szczecin.pl\/index.php\/wp-json\/wp\/v2\/posts\/11930","targetHints":{"allow":["GET"]}}],"collection":[{"href":"https:\/\/lo6.szczecin.pl\/index.php\/wp-json\/wp\/v2\/posts"}],"about":[{"href":"https:\/\/lo6.szczecin.pl\/index.php\/wp-json\/wp\/v2\/types\/post"}],"author":[{"embeddable":true,"href":"https:\/\/lo6.szczecin.pl\/index.php\/wp-json\/wp\/v2\/users\/4"}],"replies":[{"embeddable":true,"href":"https:\/\/lo6.szczecin.pl\/index.php\/wp-json\/wp\/v2\/comments?post=11930"}],"version-history":[{"count":6,"href":"https:\/\/lo6.szczecin.pl\/index.php\/wp-json\/wp\/v2\/posts\/11930\/revisions"}],"predecessor-version":[{"id":11936,"href":"https:\/\/lo6.szczecin.pl\/index.php\/wp-json\/wp\/v2\/posts\/11930\/revisions\/11936"}],"wp:featuredmedia":[{"embeddable":true,"href":"https:\/\/lo6.szczecin.pl\/index.php\/wp-json\/wp\/v2\/media\/9394"}],"wp:attachment":[{"href":"https:\/\/lo6.szczecin.pl\/index.php\/wp-json\/wp\/v2\/media?parent=11930"}],"wp:term":[{"taxonomy":"category","embeddable":true,"href":"https:\/\/lo6.szczecin.pl\/index.php\/wp-json\/wp\/v2\/categories?post=11930"},{"taxonomy":"post_tag","embeddable":true,"href":"https:\/\/lo6.szczecin.pl\/index.php\/wp-json\/wp\/v2\/tags?post=11930"}],"curies":[{"name":"wp","href":"https:\/\/api.w.org\/{rel}","templated":true}]}}