{"id":11927,"date":"2023-08-21T08:07:38","date_gmt":"2023-08-21T06:07:38","guid":{"rendered":"https:\/\/lo6.szczecin.pl\/?p=11927"},"modified":"2023-08-24T08:11:50","modified_gmt":"2023-08-24T06:11:50","slug":"konferencja-mlodziezowych-rad-i-srodowisk-mlodziezowych","status":"publish","type":"post","link":"https:\/\/lo6.szczecin.pl\/index.php\/2023\/08\/21\/konferencja-mlodziezowych-rad-i-srodowisk-mlodziezowych\/","title":{"rendered":"Konferencja M\u0142odzie\u017cowych Rad i \u015arodowisk M\u0142odzie\u017cowych"},"content":{"rendered":"<div class=\"x_WordSection1\">\n<p class=\"x_MsoNormal\" style=\"padding-left: 40px;\"><b>Szanowni Pa\u0144stwo!<\/b><\/p>\n<p class=\"x_MsoNormal\" style=\"padding-left: 40px;\">Rada Dialogu z M\u0142odym Pokoleniem wsp\u00f3lnie z Kancelari\u0105 Prezesa Rady Ministr\u00f3w zapraszaj\u0105 na Konferencj\u0119 M\u0142odzie\u017cowych Rad i \u015arodowisk M\u0142odzie\u017cowych. Podczas wydarzenia poznamy laureat\u00f3w konkursu ?Ambasador M\u0142odego Pokolenia RP ? II Edycja?, porozmawiamy o wzrastaj\u0105cym zaanga\u017cowaniu m\u0142odych w \u017cycie publiczne w szczeg\u00f3lno\u015bci w kontek\u015bcie dzia\u0142a\u0144 rz\u0105du takich jak wzmacnianie m\u0142odzie\u017cowych rad przy JST czy wprowadzenie Funduszu M\u0142odzie\u017cowego.<\/p>\n<p class=\"x_MsoNormal\" style=\"padding-left: 40px;\"><b>Kiedy?<\/b><br \/>\n19 WRZE\u015aNIA 2023 r. godz. 12:00-18:00<\/p>\n<p class=\"x_MsoNormal\" style=\"padding-left: 40px;\"><b>Gdzie?<\/b><br \/>\nKancelaria Prezesa Rady Ministr\u00f3w przy al. Ujazdowskich 1\/3 w Warszawie<\/p>\n<p class=\"x_MsoNormal\" style=\"padding-left: 40px;\"><b>Co planujemy w trakcie Konferencji?<\/b><\/p>\n<p class=\"x_MsoNormal\" style=\"padding-left: 40px;\">&#8211; panele dyskusyjne nt. aktywno\u015bci m\u0142odzie\u017cy w \u017cyciu publicznym<br \/>\n&#8211; warsztaty<br \/>\n&#8211; gala konkursu ?Ambasador M\u0142odego Pokolenia RP?<\/p>\n<p class=\"x_MsoNormal\" style=\"padding-left: 40px;\"><b>Jak si\u0119 zapisa\u0107?<\/b><br \/>\nZapisy przez formularz internetowy:\u00a0<a href=\"https:\/\/miasto.szczecin.pl\/OWA\/redir.aspx?C=2bf4b9d0549947889b9bab77b4fe44df&amp;URL=https%3a%2f%2flinkprotect.cudasvc.com%2furl%3fa%3dhttps%253a%252f%252fkonferencjakprm.webankieta.pl%26c%3dE%2c1%2cUwbwInZo71MsKs_wr5Di5JYZH4IQdKziF4fQdYHXUSNvCsL28qWKe1hwOGmILzOayOnBy2u_xKMD0rGmP2XhkUpephcke2rhAXV0Xsl4Z8oka3gEVUO-4EyR%26typo%3d1\" target=\"_blank\" rel=\"noopener\">https:\/\/konferencjakprm.webankieta.pl<\/a><\/p>\n<p style=\"padding-left: 40px;\">\n<p class=\"x_MsoNormal\" style=\"padding-left: 40px;\"><span style=\"color: #595959;\">ARKADIUSZ LECH<\/span><\/p>\n<\/div>\n<p style=\"padding-left: 40px;\">asystent dyrektora<br \/>\n<span style=\"color: #595959;\"><span style=\"font-family: Arial;\">Wydzia\u0142 Programowania, Analiz i Dialogu Obywatelskiego<br \/>\nDepartament Spo\u0142ecze\u0144stwa Obywatelskiego<br \/>\n<\/span><\/span><\/p>\n<p style=\"padding-left: 40px;\"><span style=\"color: #595959;\"><span style=\"font-family: Arial;\">Arkadiusz.Lech@kprm.gov.pl<br \/>\n<a title=\"\" href=\"https:\/\/miasto.szczecin.pl\/OWA\/redir.aspx?C=2bf4b9d0549947889b9bab77b4fe44df&amp;URL=https%3a%2f%2flinkprotect.cudasvc.com%2furl%3fa%3dhttps%253a%252f%252fwww.gov.pl%252fpremier%26c%3dE%2c1%2c09FmvKgFo2Fs3oyEAlxN83sEoI9z6AGnFxYUN_9pOZmAf1GrzWw8fXipr5kzc2FWJZ1LcHSRqb-pyLN7zNFIpj7h1XueqZCjK8cyN8_P5jS7u807putL%26typo%3d1\" target=\"_blank\" rel=\"noopener\">gov.pl\/premier<\/a><br \/>\nAl.Ujazdowskie 1\/3, 00-583 Warszawa<\/span><\/span><\/p>\n","protected":false},"excerpt":{"rendered":"<p>Szanowni Pa\u0144stwo! Rada Dialogu z M\u0142odym Pokoleniem wsp\u00f3lnie z Kancelari\u0105 Prezesa Rady Ministr\u00f3w zapraszaj\u0105 na Konferencj\u0119 M\u0142odzie\u017cowych Rad i \u015arodowisk M\u0142odzie\u017cowych. Podczas wydarzenia poznamy laureat\u00f3w konkursu ?Ambasador M\u0142odego Pokolenia RP ? II Edycja?, porozmawiamy o wzrastaj\u0105cym zaanga\u017cowaniu m\u0142odych w \u017cycie publiczne w szczeg\u00f3lno\u015bci w kontek\u015bcie dzia\u0142a\u0144 rz\u0105du takich jak wzmacnianie m\u0142odzie\u017cowych rad przy JST czy&#8230;<\/p>\n","protected":false},"author":4,"featured_media":11928,"comment_status":"closed","ping_status":"closed","sticky":false,"template":"","format":"gallery","meta":{"_acf_changed":false,"_s2mail":"","footnotes":""},"categories":[1],"tags":[],"class_list":["post-11927","post","type-post","status-publish","format-gallery","has-post-thumbnail","hentry","category-bez-kategorii","post_format-post-format-gallery"],"acf":[],"_links":{"self":[{"href":"https:\/\/lo6.szczecin.pl\/index.php\/wp-json\/wp\/v2\/posts\/11927","targetHints":{"allow":["GET"]}}],"collection":[{"href":"https:\/\/lo6.szczecin.pl\/index.php\/wp-json\/wp\/v2\/posts"}],"about":[{"href":"https:\/\/lo6.szczecin.pl\/index.php\/wp-json\/wp\/v2\/types\/post"}],"author":[{"embeddable":true,"href":"https:\/\/lo6.szczecin.pl\/index.php\/wp-json\/wp\/v2\/users\/4"}],"replies":[{"embeddable":true,"href":"https:\/\/lo6.szczecin.pl\/index.php\/wp-json\/wp\/v2\/comments?post=11927"}],"version-history":[{"count":1,"href":"https:\/\/lo6.szczecin.pl\/index.php\/wp-json\/wp\/v2\/posts\/11927\/revisions"}],"predecessor-version":[{"id":11929,"href":"https:\/\/lo6.szczecin.pl\/index.php\/wp-json\/wp\/v2\/posts\/11927\/revisions\/11929"}],"wp:featuredmedia":[{"embeddable":true,"href":"https:\/\/lo6.szczecin.pl\/index.php\/wp-json\/wp\/v2\/media\/11928"}],"wp:attachment":[{"href":"https:\/\/lo6.szczecin.pl\/index.php\/wp-json\/wp\/v2\/media?parent=11927"}],"wp:term":[{"taxonomy":"category","embeddable":true,"href":"https:\/\/lo6.szczecin.pl\/index.php\/wp-json\/wp\/v2\/categories?post=11927"},{"taxonomy":"post_tag","embeddable":true,"href":"https:\/\/lo6.szczecin.pl\/index.php\/wp-json\/wp\/v2\/tags?post=11927"}],"curies":[{"name":"wp","href":"https:\/\/api.w.org\/{rel}","templated":true}]}}