{"id":11917,"date":"2023-08-24T07:50:36","date_gmt":"2023-08-24T05:50:36","guid":{"rendered":"https:\/\/lo6.szczecin.pl\/?p=11917"},"modified":"2023-08-24T07:54:18","modified_gmt":"2023-08-24T05:54:18","slug":"wybory-do-mlodziezowej-rady-miasta-szczecin","status":"publish","type":"post","link":"https:\/\/lo6.szczecin.pl\/index.php\/2023\/08\/24\/wybory-do-mlodziezowej-rady-miasta-szczecin\/","title":{"rendered":"Wybory do M\u0142odzie\u017cowej Rady Miasta Szczecin"},"content":{"rendered":"<div style=\"padding-left: 40px;\">W pa\u017adzierniku dobiegnie ko\u0144ca obecna kadencja M\u0142odzie\u017cowej Rady Miasta Szczecin. Wybory na now\u0105 kadencj\u0119 odb\u0119d\u0105 si\u0119 w dniach 26-27 wrze\u015bnia 2023 r.<\/div>\n<div style=\"padding-left: 40px;\"><\/div>\n<div style=\"padding-left: 40px;\">M\u0142odzie\u017cowa Rada Miasta Szczecin jest reprezentacj\u0105 uczni\u00f3w szk\u00f3\u0142 ponadpodstawowych Miasta Szczecin (z wy\u0142\u0105czeniem szk\u00f3\u0142 dla doros\u0142ych). Ka\u017cda ze szk\u00f3\u0142 mo\u017ce wy\u0142oni\u0107 spo\u015br\u00f3d uczni\u00f3w jedn\u0105 osob\u0119, kt\u00f3ra b\u0119dzie jej reprezentantem w dialogu prowadzonym z Miastem oraz we wsp\u00f3\u0142pracy z innymi szczeci\u0144skimi szko\u0142ami. Celem dzia\u0142ania M\u0142odzie\u017cowej Rady Miasta Szczecin jest m.in. integracja i wsp\u00f3\u0142praca \u015brodowisk m\u0142odzie\u017cowych na terenie Miasta Szczecin oraz podejmowanie dzia\u0142a\u0144 na rzecz zaspokajania potrzeb i oczekiwa\u0144 m\u0142odych mieszka\u0144c\u00f3w Szczecina.<\/div>\n<div style=\"padding-left: 40px;\"><\/div>\n<div style=\"padding-left: 40px;\">Procedury zwi\u0105zane z przeprowadzeniem wybor\u00f3w nie zmieniaj\u0105 si\u0119 w stosunku do roku poprzedniego.<\/div>\n<div style=\"padding-left: 40px;\">Wybory przeprowadzane s\u0105 zgodnie z harmonogramem dost\u0119pnym w za\u0142\u0105czniku. Harmonogram mo\u017ce zosta\u0107 zmieniony w danej szkole za zgod\u0105 Komisji Wyborczej na skutek wewn\u0119trznych uwarunkowa\u0144. Zmianie nie podlega termin przeprowadzenia wybor\u00f3w. Zasady przeprowadzenia wybor\u00f3w okre\u015blone s\u0105 w Statucie M\u0142odzie\u017cowej Rady Miasta.<\/div>\n<div style=\"padding-left: 40px;\"><\/div>\n<div style=\"padding-left: 40px;\">W za\u0142\u0105cznikach:<\/div>\n<div style=\"padding-left: 40px;\">&#8211; za\u0142. 1 &#8211; <a href=\"https:\/\/lo6.szczecin.pl\/wp-content\/uploads\/2023\/08\/zal.-1_Statut-MRM-zasady-przeprowadzenia-wyborow.pdf\">Statut M\u0142odzie\u017cowej Rady Miasta (zasady przeprowadzenia wybor\u00f3w opisane s\u0105 w rozdziale 6)<\/a>,<\/div>\n<div style=\"padding-left: 40px;\">&#8211; za\u0142. 2 &#8211; <a href=\"https:\/\/lo6.szczecin.pl\/wp-content\/uploads\/2023\/08\/zal.-2_Statut-MRM-zmiana.pdf\">zmiany do Statutu M\u0142odzie\u017cowej Rady Miasta<\/a>,<\/div>\n<div style=\"padding-left: 40px;\">&#8211; za\u0142. 3 &#8211; <a href=\"https:\/\/lo6.szczecin.pl\/wp-content\/uploads\/2023\/08\/zal.-3_Haromonogram-wyborow.pdf\">harmonogram wybor\u00f3w na kadencj\u0119 2023\/24<\/a>,<\/div>\n<div style=\"padding-left: 40px;\">&#8211; za\u0142. 4 &#8211; <a href=\"https:\/\/lo6.szczecin.pl\/wp-content\/uploads\/2023\/08\/zal.-4_Wzor-zgloszenia-kandydata.pdf\">wz\u00f3r zg\u0142oszenia kandydata<\/a>,<\/div>\n<div style=\"padding-left: 40px;\">&#8211; za\u0142. 5 &#8211; <a href=\"https:\/\/lo6.szczecin.pl\/wp-content\/uploads\/2023\/08\/zal.-5_Wzor-protokolu-z-wyborow.pdf\">wz\u00f3r protoko\u0142u z g\u0142osowania<\/a>.<\/div>\n<div style=\"padding-left: 40px;\"><\/div>\n<div style=\"padding-left: 40px;\">W razie jakichkolwiek pyta\u0144 prosz\u0119 o kontakt pod numerem 91 424 5870 (Anna Musia\u0142) lub 91 424 5229 (Sekretariat Biura Rady Miasta).<\/div>\n<div style=\"padding-left: 40px;\"><\/div>\n<div style=\"padding-left: 40px;\">Biuro Rady Miasta<\/div>\n<div style=\"padding-left: 40px;\">Urz\u0105d Miasta Szczecin<\/div>\n<div style=\"padding-left: 40px;\">tel. 91 42-45-870<\/div>\n<div style=\"padding-left: 40px;\">fax: 91 42-2-69-49<\/div>\n<div style=\"padding-left: 40px;\"><a href=\"http:\/\/www.rada.szczecin.pl\/\" target=\"_blank\" rel=\"noopener\">www.rada.szczecin.pl<\/a>&lt;<a href=\"http:\/\/www.rada.szczecin.pl\/\" target=\"_blank\" rel=\"noopener\">http:\/\/www.rada.szczecin.pl\/<\/a>&gt;<\/div>\n","protected":false},"excerpt":{"rendered":"<p>W pa\u017adzierniku dobiegnie ko\u0144ca obecna kadencja M\u0142odzie\u017cowej Rady Miasta Szczecin. Wybory na now\u0105 kadencj\u0119 odb\u0119d\u0105 si\u0119 w dniach 26-27 wrze\u015bnia 2023 r. M\u0142odzie\u017cowa Rada Miasta Szczecin jest reprezentacj\u0105 uczni\u00f3w szk\u00f3\u0142 ponadpodstawowych Miasta Szczecin (z wy\u0142\u0105czeniem szk\u00f3\u0142 dla doros\u0142ych). Ka\u017cda ze szk\u00f3\u0142 mo\u017ce wy\u0142oni\u0107 spo\u015br\u00f3d uczni\u00f3w jedn\u0105 osob\u0119, kt\u00f3ra b\u0119dzie jej reprezentantem w dialogu prowadzonym z&#8230;<\/p>\n","protected":false},"author":4,"featured_media":11926,"comment_status":"closed","ping_status":"closed","sticky":false,"template":"","format":"gallery","meta":{"_acf_changed":false,"_s2mail":"","footnotes":""},"categories":[1],"tags":[],"class_list":["post-11917","post","type-post","status-publish","format-gallery","has-post-thumbnail","hentry","category-bez-kategorii","post_format-post-format-gallery"],"acf":[],"_links":{"self":[{"href":"https:\/\/lo6.szczecin.pl\/index.php\/wp-json\/wp\/v2\/posts\/11917","targetHints":{"allow":["GET"]}}],"collection":[{"href":"https:\/\/lo6.szczecin.pl\/index.php\/wp-json\/wp\/v2\/posts"}],"about":[{"href":"https:\/\/lo6.szczecin.pl\/index.php\/wp-json\/wp\/v2\/types\/post"}],"author":[{"embeddable":true,"href":"https:\/\/lo6.szczecin.pl\/index.php\/wp-json\/wp\/v2\/users\/4"}],"replies":[{"embeddable":true,"href":"https:\/\/lo6.szczecin.pl\/index.php\/wp-json\/wp\/v2\/comments?post=11917"}],"version-history":[{"count":1,"href":"https:\/\/lo6.szczecin.pl\/index.php\/wp-json\/wp\/v2\/posts\/11917\/revisions"}],"predecessor-version":[{"id":11925,"href":"https:\/\/lo6.szczecin.pl\/index.php\/wp-json\/wp\/v2\/posts\/11917\/revisions\/11925"}],"wp:featuredmedia":[{"embeddable":true,"href":"https:\/\/lo6.szczecin.pl\/index.php\/wp-json\/wp\/v2\/media\/11926"}],"wp:attachment":[{"href":"https:\/\/lo6.szczecin.pl\/index.php\/wp-json\/wp\/v2\/media?parent=11917"}],"wp:term":[{"taxonomy":"category","embeddable":true,"href":"https:\/\/lo6.szczecin.pl\/index.php\/wp-json\/wp\/v2\/categories?post=11917"},{"taxonomy":"post_tag","embeddable":true,"href":"https:\/\/lo6.szczecin.pl\/index.php\/wp-json\/wp\/v2\/tags?post=11917"}],"curies":[{"name":"wp","href":"https:\/\/api.w.org\/{rel}","templated":true}]}}