{"id":11873,"date":"2023-06-29T11:39:12","date_gmt":"2023-06-29T09:39:12","guid":{"rendered":"https:\/\/lo6.szczecin.pl\/?p=11873"},"modified":"2023-07-05T11:54:38","modified_gmt":"2023-07-05T09:54:38","slug":"egzaminy-poprawkowe","status":"publish","type":"post","link":"https:\/\/lo6.szczecin.pl\/index.php\/2023\/06\/29\/egzaminy-poprawkowe\/","title":{"rendered":"Egzaminy poprawkowe"},"content":{"rendered":"<p style=\"padding-left: 40px;\"><strong>Egzaminy poprawkowe<\/strong><\/p>\n<p style=\"padding-left: 40px;\"><strong>\u00a0<\/strong><\/p>\n<p style=\"padding-left: 40px;\"><strong>28.08.2023 r. godz. 9.00 ? 11.00<br \/>\n<\/strong>konsultacje dla uczni\u00f3w przyst\u0119puj\u0105cych do egzamin\u00f3w poprawkowych<\/p>\n<p style=\"padding-left: 40px;\"><strong>29.08.2023 r. godz. 9.00<\/strong><br \/>\negzamin poprawkowy z biologii, chemii, j\u0119z. polskiego, matematyki<\/p>\n<p style=\"padding-left: 40px;\"><strong>30.08.2023 r. godz. 9.00<br \/>\n<\/strong>egzamin poprawkowy z j\u0119z. angielskiego<\/p>\n","protected":false},"excerpt":{"rendered":"<p>Egzaminy poprawkowe \u00a0 28.08.2023 r. godz. 9.00 ? 11.00 konsultacje dla uczni\u00f3w przyst\u0119puj\u0105cych do egzamin\u00f3w poprawkowych 29.08.2023 r. godz. 9.00 egzamin poprawkowy z biologii, chemii, j\u0119z. polskiego, matematyki 30.08.2023 r. godz. 9.00 egzamin poprawkowy z j\u0119z. angielskiego<\/p>\n","protected":false},"author":4,"featured_media":6813,"comment_status":"closed","ping_status":"closed","sticky":false,"template":"","format":"gallery","meta":{"_acf_changed":false,"_s2mail":"","footnotes":""},"categories":[1],"tags":[],"class_list":["post-11873","post","type-post","status-publish","format-gallery","has-post-thumbnail","hentry","category-bez-kategorii","post_format-post-format-gallery"],"acf":[],"_links":{"self":[{"href":"https:\/\/lo6.szczecin.pl\/index.php\/wp-json\/wp\/v2\/posts\/11873","targetHints":{"allow":["GET"]}}],"collection":[{"href":"https:\/\/lo6.szczecin.pl\/index.php\/wp-json\/wp\/v2\/posts"}],"about":[{"href":"https:\/\/lo6.szczecin.pl\/index.php\/wp-json\/wp\/v2\/types\/post"}],"author":[{"embeddable":true,"href":"https:\/\/lo6.szczecin.pl\/index.php\/wp-json\/wp\/v2\/users\/4"}],"replies":[{"embeddable":true,"href":"https:\/\/lo6.szczecin.pl\/index.php\/wp-json\/wp\/v2\/comments?post=11873"}],"version-history":[{"count":3,"href":"https:\/\/lo6.szczecin.pl\/index.php\/wp-json\/wp\/v2\/posts\/11873\/revisions"}],"predecessor-version":[{"id":11889,"href":"https:\/\/lo6.szczecin.pl\/index.php\/wp-json\/wp\/v2\/posts\/11873\/revisions\/11889"}],"wp:featuredmedia":[{"embeddable":true,"href":"https:\/\/lo6.szczecin.pl\/index.php\/wp-json\/wp\/v2\/media\/6813"}],"wp:attachment":[{"href":"https:\/\/lo6.szczecin.pl\/index.php\/wp-json\/wp\/v2\/media?parent=11873"}],"wp:term":[{"taxonomy":"category","embeddable":true,"href":"https:\/\/lo6.szczecin.pl\/index.php\/wp-json\/wp\/v2\/categories?post=11873"},{"taxonomy":"post_tag","embeddable":true,"href":"https:\/\/lo6.szczecin.pl\/index.php\/wp-json\/wp\/v2\/tags?post=11873"}],"curies":[{"name":"wp","href":"https:\/\/api.w.org\/{rel}","templated":true}]}}