{"id":11769,"date":"2023-05-02T15:05:13","date_gmt":"2023-05-02T13:05:13","guid":{"rendered":"https:\/\/lo6.szczecin.pl\/?p=11769"},"modified":"2023-05-03T15:20:02","modified_gmt":"2023-05-03T13:20:02","slug":"organizacja-egzaminu-maturalnego-2023-w-sesji-wiosennej","status":"publish","type":"post","link":"https:\/\/lo6.szczecin.pl\/index.php\/2023\/05\/02\/organizacja-egzaminu-maturalnego-2023-w-sesji-wiosennej\/","title":{"rendered":"Organizacja egzaminu maturalnego 2023 w sesji wiosennej"},"content":{"rendered":"<p style=\"padding-left: 40px;\">Od 04 do 22 maja 2023 r. odb\u0119d\u0105 si\u0119 pisemne i ustne egzaminy maturalne w sesji wiosennej 2023.<\/p>\n<p style=\"padding-left: 40px;\">\u017bYCZYMY WSZYSTKIM POWOWDZENIA!<\/p>\n<p>&nbsp;<\/p>\n<p style=\"padding-left: 40px;\">Listy uczni\u00f3w z podzia\u0142em na poszczeg\u00f3lne sale przes\u0142ano za po\u015brednictwem dziennika elektronicznego oraz umieszczono na tablicy og\u0142osze\u0144 dla maturzyst\u00f3w.<\/p>\n<p style=\"padding-left: 40px;\">Egzaminy maturalne odbywaj\u0105 si\u0119 zgodnie z harmonogramem og\u0142oszonym przez Dyrektora CKE oraz harmonogramem egzamin\u00f3w ustnych w VI I I LO w Szczecinie, umieszczonym na tablicy og\u0142osze\u0144 dla maturzyst\u00f3w.<\/p>\n<p style=\"padding-left: 40px;\">Podczas egzamin\u00f3w w dniach 4 ? 9 maja 2023 r. w szkole mog\u0105 przebywa\u0107 wy\u0142\u0105cznie:<br \/>\n1) zdaj\u0105cy,<br \/>\n2) osoby zaanga\u017cowane w przeprowadzanie egzaminu, tj. cz\u0142onkowie zespo\u0142\u00f3w nadzoruj\u0105cych, obserwatorzy, egzaminatorzy, specjali\u015bci pracuj\u0105cy ze zdaj\u0105cymi, kt\u00f3rym przyznano dostosowanie warunk\u00f3w lub formy przeprowadzania egzaminu,<br \/>\nosoby wyznaczone do przygotowania i obs\u0142ugi oraz obs\u0142uguj\u0105ce sprz\u0119t i urz\u0105dzenia wykorzystywane w czasie egzaminu (np. komputery, sprz\u0119t medyczny), asystenci techniczni,<br \/>\n3) inni pracownicy szko\u0142y odpowiedzialni za utrzymanie obiektu w czysto\u015bci, dezynfekcj\u0119, obs\u0142ug\u0119 szatni itp.,<br \/>\n4) pracownicy odpowiednich s\u0142u\u017cb, np. medycznych, je\u017celi wyst\u0105pi taka konieczno\u015b\u0107.<\/p>\n<p style=\"padding-left: 40px;\">Zespo\u0142y nadzoruj\u0105ce przebieg egzaminu rozpoczynaj\u0105 prac\u0119 odpowiednio o godz. 7.15 i 12.30.<\/p>\n<p style=\"padding-left: 40px;\">Maturzy\u015bci przychodz\u0105 do szko\u0142y na godzin\u0119 przed rozpocz\u0119ciem egzamin\u00f3w.<\/p>\n<p style=\"padding-left: 40px;\">Cz\u0142onkowie spoza szko\u0142y powinni przyj\u015b\u0107 do VI LO odpowiednio na godz. 8.00 i 13.00, a nauczyciele VI LO powinni zg\u0142osi\u0107 si\u0119 do pracy w ZN w I LO r\u00f3wnie\u017c odpowiednio o godz. 8.00 i 13.00 lub na godzin\u0119 przed rozpocz\u0119ciem egzamin\u00f3w ustnych.<\/p>\n","protected":false},"excerpt":{"rendered":"<p>Od 04 do 22 maja 2023 r. odb\u0119d\u0105 si\u0119 pisemne i ustne egzaminy maturalne w sesji wiosennej 2023. \u017bYCZYMY WSZYSTKIM POWOWDZENIA! &nbsp; Listy uczni\u00f3w z podzia\u0142em na poszczeg\u00f3lne sale przes\u0142ano za po\u015brednictwem dziennika elektronicznego oraz umieszczono na tablicy og\u0142osze\u0144 dla maturzyst\u00f3w. Egzaminy maturalne odbywaj\u0105 si\u0119 zgodnie z harmonogramem og\u0142oszonym przez Dyrektora CKE oraz harmonogramem egzamin\u00f3w&#8230;<\/p>\n","protected":false},"author":4,"featured_media":9137,"comment_status":"closed","ping_status":"closed","sticky":false,"template":"","format":"gallery","meta":{"_acf_changed":false,"_s2mail":"","footnotes":""},"categories":[1],"tags":[],"class_list":["post-11769","post","type-post","status-publish","format-gallery","has-post-thumbnail","hentry","category-bez-kategorii","post_format-post-format-gallery"],"acf":[],"_links":{"self":[{"href":"https:\/\/lo6.szczecin.pl\/index.php\/wp-json\/wp\/v2\/posts\/11769","targetHints":{"allow":["GET"]}}],"collection":[{"href":"https:\/\/lo6.szczecin.pl\/index.php\/wp-json\/wp\/v2\/posts"}],"about":[{"href":"https:\/\/lo6.szczecin.pl\/index.php\/wp-json\/wp\/v2\/types\/post"}],"author":[{"embeddable":true,"href":"https:\/\/lo6.szczecin.pl\/index.php\/wp-json\/wp\/v2\/users\/4"}],"replies":[{"embeddable":true,"href":"https:\/\/lo6.szczecin.pl\/index.php\/wp-json\/wp\/v2\/comments?post=11769"}],"version-history":[{"count":2,"href":"https:\/\/lo6.szczecin.pl\/index.php\/wp-json\/wp\/v2\/posts\/11769\/revisions"}],"predecessor-version":[{"id":11773,"href":"https:\/\/lo6.szczecin.pl\/index.php\/wp-json\/wp\/v2\/posts\/11769\/revisions\/11773"}],"wp:featuredmedia":[{"embeddable":true,"href":"https:\/\/lo6.szczecin.pl\/index.php\/wp-json\/wp\/v2\/media\/9137"}],"wp:attachment":[{"href":"https:\/\/lo6.szczecin.pl\/index.php\/wp-json\/wp\/v2\/media?parent=11769"}],"wp:term":[{"taxonomy":"category","embeddable":true,"href":"https:\/\/lo6.szczecin.pl\/index.php\/wp-json\/wp\/v2\/categories?post=11769"},{"taxonomy":"post_tag","embeddable":true,"href":"https:\/\/lo6.szczecin.pl\/index.php\/wp-json\/wp\/v2\/tags?post=11769"}],"curies":[{"name":"wp","href":"https:\/\/api.w.org\/{rel}","templated":true}]}}