{"id":11754,"date":"2023-04-27T16:57:45","date_gmt":"2023-04-27T14:57:45","guid":{"rendered":"https:\/\/lo6.szczecin.pl\/?p=11754"},"modified":"2023-04-28T14:44:57","modified_gmt":"2023-04-28T12:44:57","slug":"uroczyste-zakonczenie-szkoly-przez-uczniow-kl-iv","status":"publish","type":"post","link":"https:\/\/lo6.szczecin.pl\/index.php\/2023\/04\/27\/uroczyste-zakonczenie-szkoly-przez-uczniow-kl-iv\/","title":{"rendered":"Uroczyste zako\u0144czenie szko\u0142y przez uczni\u00f3w kl. IV"},"content":{"rendered":"<p style=\"padding-left: 40px;\"><strong><em>Szanowne Grono Pedagogiczne, Rodzice, Drodzy Absolwenci i Uczniowie<\/em><\/strong><\/p>\n<p style=\"padding-left: 40px;\">Wydaje si\u0119, \u017ce tak niedawno sprawdzali\u015bcie swoje nazwiska na li\u015bcie przyj\u0119tych w poczet uczni\u00f3w VI Liceum, a za nami cztery wsp\u00f3lnie sp\u0119dzone lata, zwie\u0144czenie pracy na rzecz jak najlepszego przygotowania Was ? drodzy Absolwenci do egzaminu maturalnego,\u00a0do egzaminu dojrza\u0142o\u015bci.<\/p>\n<p style=\"padding-left: 40px;\">Wierz\u0119, \u017ce nasza szko\u0142a wype\u0142ni\u0142a w tym wzgl\u0119dzie swoje zadania na najwy\u017cszym poziomie, <u>niemniej jednak<\/u>, w szkole:\u00a0\u00a0<strong>\u00a0<\/strong><\/p>\n<p style=\"padding-left: 40px;\"><em>Mo\u017cna przekazywa\u0107 wiedz\u0119, ale nie m\u0105dro\u015b\u0107. M\u0105dro\u015b\u0107 mo\u017cna znale\u017a\u0107, mo\u017cna ni\u0105 \u017cy\u0107, mo\u017cna si\u0119 na niej wspiera\u0107, mo\u017cna dzi\u0119ki niej czyni\u0107 cuda, ale\u00a0wypowiedzie\u0107 jej i naucza\u0107 nie spos\u00f3b. Do wiedzy trzeba do\u0142\u0105czy\u0107 do\u015bwiadczenie, a to z kolei wymaga czasu, czasu, i to od Was zale\u017cy jak go wykorzystacie.<\/em><\/p>\n<p style=\"padding-left: 40px; text-align: right;\"><em>\/Hermann Hesse\/\u00a0\u00a0\u00a0 <\/em><\/p>\n<p style=\"padding-left: 40px;\"><em>W \u017cyciu ka\u017cdego cz\u0142owieka przychodzi taki moment, w kt\u00f3rym podejmuje decyzj\u0119 wp\u0142ywaj\u0105c\u0105 na jego przysz\u0142e los, kiedy na skrzy\u017cowaniu wielu dr\u00f3g musi wybra\u0107 jedn\u0105 z nich, nie wiedz\u0105c, dok\u0105d ona prowadzi.<\/em><br \/>\n<em>\u017byczymy, aby drogi wybierane przez was prowadzi\u0142y do osobistego szcz\u0119\u015bcia, satysfakcji zawodowej, trwa\u0142ych przyja\u017ani oraz szacunku i \u017cyczliwo\u015bci os\u00f3b, kt\u00f3rych b\u0119dziecie na swojej drodze spotyka\u0107.<\/em><\/p>\n<p style=\"padding-left: 40px; text-align: right;\"><em>\/Mario Puzo<\/em><\/p>\n<p style=\"padding-left: 40px;\">W imieniu wszystkich nauczycieli\u00a0gratuluj\u0119 osi\u0105gni\u0119tych wynik\u00f3w w nauce, w sporcie, \u017cycz\u0119 prostych zada\u0144 w\u00a0arkuszach egzaminacyjnych oraz wysokich wynik\u00f3w, a Rodzicom przekazuj\u0119 wyrazy najwy\u017cszego szacunku i podzi\u0119kowania za codzienny trud, okazywane wsparcie i\u00a0zrozumienie dla\u00a0szkolnych problem\u00f3w.<\/p>\n<p style=\"padding-left: 40px; text-align: right;\">Bo\u017cena Ulchurska-Jackowska<br \/>\nDyrektor VI LO w Szczecinie<\/p>\n<p style=\"padding-left: 80px;\">\n<p style=\"padding-left: 40px;\">\n","protected":false},"excerpt":{"rendered":"<p>Szanowne Grono Pedagogiczne, Rodzice, Drodzy Absolwenci i Uczniowie Wydaje si\u0119, \u017ce tak niedawno sprawdzali\u015bcie swoje nazwiska na li\u015bcie przyj\u0119tych w poczet uczni\u00f3w VI Liceum, a za nami cztery wsp\u00f3lnie sp\u0119dzone lata, zwie\u0144czenie pracy na rzecz jak najlepszego przygotowania Was ? drodzy Absolwenci do egzaminu maturalnego,\u00a0do egzaminu dojrza\u0142o\u015bci. Wierz\u0119, \u017ce nasza szko\u0142a wype\u0142ni\u0142a w tym wzgl\u0119dzie&#8230;<\/p>\n","protected":false},"author":4,"featured_media":0,"comment_status":"closed","ping_status":"closed","sticky":false,"template":"","format":"standard","meta":{"_acf_changed":false,"_s2mail":"","footnotes":""},"categories":[1],"tags":[],"class_list":["post-11754","post","type-post","status-publish","format-standard","hentry","category-bez-kategorii"],"acf":[],"_links":{"self":[{"href":"https:\/\/lo6.szczecin.pl\/index.php\/wp-json\/wp\/v2\/posts\/11754","targetHints":{"allow":["GET"]}}],"collection":[{"href":"https:\/\/lo6.szczecin.pl\/index.php\/wp-json\/wp\/v2\/posts"}],"about":[{"href":"https:\/\/lo6.szczecin.pl\/index.php\/wp-json\/wp\/v2\/types\/post"}],"author":[{"embeddable":true,"href":"https:\/\/lo6.szczecin.pl\/index.php\/wp-json\/wp\/v2\/users\/4"}],"replies":[{"embeddable":true,"href":"https:\/\/lo6.szczecin.pl\/index.php\/wp-json\/wp\/v2\/comments?post=11754"}],"version-history":[{"count":4,"href":"https:\/\/lo6.szczecin.pl\/index.php\/wp-json\/wp\/v2\/posts\/11754\/revisions"}],"predecessor-version":[{"id":11763,"href":"https:\/\/lo6.szczecin.pl\/index.php\/wp-json\/wp\/v2\/posts\/11754\/revisions\/11763"}],"wp:attachment":[{"href":"https:\/\/lo6.szczecin.pl\/index.php\/wp-json\/wp\/v2\/media?parent=11754"}],"wp:term":[{"taxonomy":"category","embeddable":true,"href":"https:\/\/lo6.szczecin.pl\/index.php\/wp-json\/wp\/v2\/categories?post=11754"},{"taxonomy":"post_tag","embeddable":true,"href":"https:\/\/lo6.szczecin.pl\/index.php\/wp-json\/wp\/v2\/tags?post=11754"}],"curies":[{"name":"wp","href":"https:\/\/api.w.org\/{rel}","templated":true}]}}