{"id":11703,"date":"2023-04-03T08:31:18","date_gmt":"2023-04-03T06:31:18","guid":{"rendered":"https:\/\/lo6.szczecin.pl\/?p=11703"},"modified":"2023-04-04T08:33:18","modified_gmt":"2023-04-04T06:33:18","slug":"finalista-olimpiady-z-wiedzy-o-prawie","status":"publish","type":"post","link":"https:\/\/lo6.szczecin.pl\/index.php\/2023\/04\/03\/finalista-olimpiady-z-wiedzy-o-prawie\/","title":{"rendered":"Finalista Olimpiady z Wiedzy o Prawie"},"content":{"rendered":"<div dir=\"auto\" style=\"padding-left: 40px;\">Z ogromn\u0105 przyjemno\u015bci\u0105 informujemy, \u017ce ucze\u0144 klasy 3A Mateusz Lewicki uzyska\u0142 tytu\u0142 Finalisty Olimpiady z Wiedzy o Prawie i tym samym zdoby\u0142 indeks na studia (UW,UJ,UAM itp).<\/div>\n<div dir=\"auto\" style=\"padding-left: 40px;\">GRATULUJEMY!<\/div>\n","protected":false},"excerpt":{"rendered":"<p>Z ogromn\u0105 przyjemno\u015bci\u0105 informujemy, \u017ce ucze\u0144 klasy 3A Mateusz Lewicki uzyska\u0142 tytu\u0142 Finalisty Olimpiady z Wiedzy o Prawie i tym samym zdoby\u0142 indeks na studia (UW,UJ,UAM itp). GRATULUJEMY!<\/p>\n","protected":false},"author":4,"featured_media":11704,"comment_status":"closed","ping_status":"closed","sticky":false,"template":"","format":"gallery","meta":{"_acf_changed":false,"_s2mail":"","footnotes":""},"categories":[1],"tags":[],"class_list":["post-11703","post","type-post","status-publish","format-gallery","has-post-thumbnail","hentry","category-bez-kategorii","post_format-post-format-gallery"],"acf":[],"_links":{"self":[{"href":"https:\/\/lo6.szczecin.pl\/index.php\/wp-json\/wp\/v2\/posts\/11703","targetHints":{"allow":["GET"]}}],"collection":[{"href":"https:\/\/lo6.szczecin.pl\/index.php\/wp-json\/wp\/v2\/posts"}],"about":[{"href":"https:\/\/lo6.szczecin.pl\/index.php\/wp-json\/wp\/v2\/types\/post"}],"author":[{"embeddable":true,"href":"https:\/\/lo6.szczecin.pl\/index.php\/wp-json\/wp\/v2\/users\/4"}],"replies":[{"embeddable":true,"href":"https:\/\/lo6.szczecin.pl\/index.php\/wp-json\/wp\/v2\/comments?post=11703"}],"version-history":[{"count":1,"href":"https:\/\/lo6.szczecin.pl\/index.php\/wp-json\/wp\/v2\/posts\/11703\/revisions"}],"predecessor-version":[{"id":11708,"href":"https:\/\/lo6.szczecin.pl\/index.php\/wp-json\/wp\/v2\/posts\/11703\/revisions\/11708"}],"wp:featuredmedia":[{"embeddable":true,"href":"https:\/\/lo6.szczecin.pl\/index.php\/wp-json\/wp\/v2\/media\/11704"}],"wp:attachment":[{"href":"https:\/\/lo6.szczecin.pl\/index.php\/wp-json\/wp\/v2\/media?parent=11703"}],"wp:term":[{"taxonomy":"category","embeddable":true,"href":"https:\/\/lo6.szczecin.pl\/index.php\/wp-json\/wp\/v2\/categories?post=11703"},{"taxonomy":"post_tag","embeddable":true,"href":"https:\/\/lo6.szczecin.pl\/index.php\/wp-json\/wp\/v2\/tags?post=11703"}],"curies":[{"name":"wp","href":"https:\/\/api.w.org\/{rel}","templated":true}]}}