{"id":11663,"date":"2023-03-28T18:33:31","date_gmt":"2023-03-28T16:33:31","guid":{"rendered":"https:\/\/lo6.szczecin.pl\/?p=11663"},"modified":"2023-03-29T08:13:26","modified_gmt":"2023-03-29T06:13:26","slug":"i-miejsce-w-wojewodzkim-turnieju-debat-historycznych","status":"publish","type":"post","link":"https:\/\/lo6.szczecin.pl\/index.php\/2023\/03\/28\/i-miejsce-w-wojewodzkim-turnieju-debat-historycznych\/","title":{"rendered":"I miejsce w Wojew\u00f3dzkim Turnieju Debat Historycznych"},"content":{"rendered":"<p style=\"padding-left: 40px;\">Z przyjemno\u015bci\u0105 informujemy, \u017ce dru\u017cyna VI LO (Piotr Brzeski, Bartosz Goli\u0144czak, Jacek Mark\u00f3w, Konrad Szczepa\u0144ski, rezerwowi: Cezary Pietras, Marysia Or\u0142owska &#8211; wszyscy 4A) wygra\u0142a Wojew\u00f3dzki Turniej Debat Historycznych i w czerwcu b\u0119dzie reprezentowa\u0107 Wojew\u00f3dztwo Zachodniopomorskie w zmaganiach turniejowych w Warszawie. W rozgrywkach we\u017amie udzia\u0142 tylko jeden reprezentant ka\u017cdego z wojew\u00f3dztw.<br \/>\nGratulujemy!<\/p>\n","protected":false},"excerpt":{"rendered":"<p>Z przyjemno\u015bci\u0105 informujemy, \u017ce dru\u017cyna VI LO (Piotr Brzeski, Bartosz Goli\u0144czak, Jacek Mark\u00f3w, Konrad Szczepa\u0144ski, rezerwowi: Cezary Pietras, Marysia Or\u0142owska &#8211; wszyscy 4A) wygra\u0142a Wojew\u00f3dzki Turniej Debat Historycznych i w czerwcu b\u0119dzie reprezentowa\u0107 Wojew\u00f3dztwo Zachodniopomorskie w zmaganiach turniejowych w Warszawie. W rozgrywkach we\u017amie udzia\u0142 tylko jeden reprezentant ka\u017cdego z wojew\u00f3dztw. Gratulujemy!<\/p>\n","protected":false},"author":4,"featured_media":11665,"comment_status":"closed","ping_status":"closed","sticky":false,"template":"","format":"gallery","meta":{"_acf_changed":false,"_s2mail":"","footnotes":""},"categories":[1],"tags":[],"class_list":["post-11663","post","type-post","status-publish","format-gallery","has-post-thumbnail","hentry","category-bez-kategorii","post_format-post-format-gallery"],"acf":[],"_links":{"self":[{"href":"https:\/\/lo6.szczecin.pl\/index.php\/wp-json\/wp\/v2\/posts\/11663","targetHints":{"allow":["GET"]}}],"collection":[{"href":"https:\/\/lo6.szczecin.pl\/index.php\/wp-json\/wp\/v2\/posts"}],"about":[{"href":"https:\/\/lo6.szczecin.pl\/index.php\/wp-json\/wp\/v2\/types\/post"}],"author":[{"embeddable":true,"href":"https:\/\/lo6.szczecin.pl\/index.php\/wp-json\/wp\/v2\/users\/4"}],"replies":[{"embeddable":true,"href":"https:\/\/lo6.szczecin.pl\/index.php\/wp-json\/wp\/v2\/comments?post=11663"}],"version-history":[{"count":2,"href":"https:\/\/lo6.szczecin.pl\/index.php\/wp-json\/wp\/v2\/posts\/11663\/revisions"}],"predecessor-version":[{"id":11672,"href":"https:\/\/lo6.szczecin.pl\/index.php\/wp-json\/wp\/v2\/posts\/11663\/revisions\/11672"}],"wp:featuredmedia":[{"embeddable":true,"href":"https:\/\/lo6.szczecin.pl\/index.php\/wp-json\/wp\/v2\/media\/11665"}],"wp:attachment":[{"href":"https:\/\/lo6.szczecin.pl\/index.php\/wp-json\/wp\/v2\/media?parent=11663"}],"wp:term":[{"taxonomy":"category","embeddable":true,"href":"https:\/\/lo6.szczecin.pl\/index.php\/wp-json\/wp\/v2\/categories?post=11663"},{"taxonomy":"post_tag","embeddable":true,"href":"https:\/\/lo6.szczecin.pl\/index.php\/wp-json\/wp\/v2\/tags?post=11663"}],"curies":[{"name":"wp","href":"https:\/\/api.w.org\/{rel}","templated":true}]}}