{"id":11591,"date":"2023-03-23T12:54:28","date_gmt":"2023-03-23T11:54:28","guid":{"rendered":"https:\/\/lo6.szczecin.pl\/?p=11591"},"modified":"2023-03-23T13:22:52","modified_gmt":"2023-03-23T12:22:52","slug":"dzien-parlamentu-4","status":"publish","type":"post","link":"https:\/\/lo6.szczecin.pl\/index.php\/2023\/03\/23\/dzien-parlamentu-4\/","title":{"rendered":"Dzie\u0144 Parlamentu"},"content":{"rendered":"<div dir=\"auto\" style=\"padding-left: 40px;\">Pierwszego dnia wiosny w VI LO odby\u0142 si\u0119 corocznie \u015bwi\u0119towany Dzie\u0144 Parlamentu. Tegoroczna nowa formu\u0142a przygotowane przez Rad\u0119 Pi\u0119ciu i cz\u0142onk\u00f3w Samorz\u0105du Uczniowskiego zawiera\u0142a rozgrywki sportowe, bezpieczne do\u015bwiadczenia chemiczne, quiz geograficzny dla wszystkich uczni\u00f3w, quiz o tematyce przyrodniczej, zadania informatyczne, zadania j\u0119zykowe z zakresu j\u0119z. polskiego i angielskiego oraz debaty mi\u0119dzy klasowe.<\/div>\n<div dir=\"auto\" style=\"padding-left: 40px;\">Nad realizacj\u0105 poszczeg\u00f3lnych zada\u0144 czuwali uczniowie klasy 1a2, przedstawiciele RV Bartosz Bartman-Jarzembek, Dawid B\u0142aszczak, Przemys\u0142aw Hryniewicz oraz Ignacy Biniek.<\/div>\n<div dir=\"auto\" style=\"padding-left: 40px;\">Wszystkie zaplanowane przedsi\u0119wzi\u0119cia podoba\u0142y si\u0119 uczestnikom cieszy\u0142y si\u0119 du\u017cym zainteresowaniem.<\/div>\n<div dir=\"auto\" style=\"padding-left: 40px;\">Dzi\u0119kujemy za now\u0105 udan\u0105 inicjatyw\u0119 uczniowsk\u0105 <span class=\"x3nfvp2 x1j61x8r x1fcty0u xdj266r xhhsvwb xat24cr xgzva0m xxymvpz xlup9mm x1kky2od\"><img loading=\"lazy\" decoding=\"async\" src=\"https:\/\/static.xx.fbcdn.net\/images\/emoji.php\/v9\/ta5\/1.5\/16\/1f642.png\" alt=\"?\" width=\"16\" height=\"16\" \/><\/span><\/div>\n","protected":false},"excerpt":{"rendered":"<p>Pierwszego dnia wiosny w VI LO odby\u0142 si\u0119 corocznie \u015bwi\u0119towany Dzie\u0144 Parlamentu. Tegoroczna nowa formu\u0142a przygotowane przez Rad\u0119 Pi\u0119ciu i cz\u0142onk\u00f3w Samorz\u0105du Uczniowskiego zawiera\u0142a rozgrywki sportowe, bezpieczne do\u015bwiadczenia chemiczne, quiz geograficzny dla wszystkich uczni\u00f3w, quiz o tematyce przyrodniczej, zadania informatyczne, zadania j\u0119zykowe z zakresu j\u0119z. polskiego i angielskiego oraz debaty mi\u0119dzy klasowe. Nad realizacj\u0105 poszczeg\u00f3lnych&#8230;<\/p>\n","protected":false},"author":4,"featured_media":11594,"comment_status":"closed","ping_status":"closed","sticky":false,"template":"","format":"gallery","meta":{"_acf_changed":false,"_s2mail":"","footnotes":""},"categories":[1],"tags":[],"class_list":["post-11591","post","type-post","status-publish","format-gallery","has-post-thumbnail","hentry","category-bez-kategorii","post_format-post-format-gallery"],"acf":[],"_links":{"self":[{"href":"https:\/\/lo6.szczecin.pl\/index.php\/wp-json\/wp\/v2\/posts\/11591","targetHints":{"allow":["GET"]}}],"collection":[{"href":"https:\/\/lo6.szczecin.pl\/index.php\/wp-json\/wp\/v2\/posts"}],"about":[{"href":"https:\/\/lo6.szczecin.pl\/index.php\/wp-json\/wp\/v2\/types\/post"}],"author":[{"embeddable":true,"href":"https:\/\/lo6.szczecin.pl\/index.php\/wp-json\/wp\/v2\/users\/4"}],"replies":[{"embeddable":true,"href":"https:\/\/lo6.szczecin.pl\/index.php\/wp-json\/wp\/v2\/comments?post=11591"}],"version-history":[{"count":2,"href":"https:\/\/lo6.szczecin.pl\/index.php\/wp-json\/wp\/v2\/posts\/11591\/revisions"}],"predecessor-version":[{"id":11611,"href":"https:\/\/lo6.szczecin.pl\/index.php\/wp-json\/wp\/v2\/posts\/11591\/revisions\/11611"}],"wp:featuredmedia":[{"embeddable":true,"href":"https:\/\/lo6.szczecin.pl\/index.php\/wp-json\/wp\/v2\/media\/11594"}],"wp:attachment":[{"href":"https:\/\/lo6.szczecin.pl\/index.php\/wp-json\/wp\/v2\/media?parent=11591"}],"wp:term":[{"taxonomy":"category","embeddable":true,"href":"https:\/\/lo6.szczecin.pl\/index.php\/wp-json\/wp\/v2\/categories?post=11591"},{"taxonomy":"post_tag","embeddable":true,"href":"https:\/\/lo6.szczecin.pl\/index.php\/wp-json\/wp\/v2\/tags?post=11591"}],"curies":[{"name":"wp","href":"https:\/\/api.w.org\/{rel}","templated":true}]}}