{"id":11584,"date":"2023-03-20T07:31:29","date_gmt":"2023-03-20T06:31:29","guid":{"rendered":"https:\/\/lo6.szczecin.pl\/?p=11584"},"modified":"2023-03-20T07:31:29","modified_gmt":"2023-03-20T06:31:29","slug":"2-miejsce-w-etapie-okregowym-xi-olimpiady-wiedzy-o-iii-rp","status":"publish","type":"post","link":"https:\/\/lo6.szczecin.pl\/index.php\/2023\/03\/20\/2-miejsce-w-etapie-okregowym-xi-olimpiady-wiedzy-o-iii-rp\/","title":{"rendered":"2 miejsce w etapie okr\u0119gowym XI Olimpiady Wiedzy o III RP"},"content":{"rendered":"<p style=\"padding-left: 40px;\">Mi\u0142o nam poinformowa\u0107, \u017ce Mateusz Lewicki (3a) zaj\u0105\u0142 2 miejsce w etapie okr\u0119gowym XI Olimpiady Wiedzy o III RP i uzyska\u0142 tytu\u0142 Laureata (wytypowanego do etapu centralnego &#8211; 17.06.2023).<\/p>\n<p style=\"padding-left: 40px;\">Gratulujemy i trzymamy kciuki za dalsze sukcesy!<\/p>\n<p>&nbsp;<\/p>\n<p style=\"padding-left: 40px;\">Olimpiada Wiedzy o III RP jest pierwsz\u0105 inicjatyw\u0105 Fundacji Polska Edukacja im. KEN, organizowan\u0105 w ramach Centrum COPTIOSH. Pierwsza jej edycja odby\u0142a si\u0119 w roku szkolnym 2012\/13.<\/p>\n<p style=\"padding-left: 40px;\"><b>Og\u00f3lnopolska Olimpiada Wiedzy o III RP<\/b> jest tematyczn\u0105 Olimpiad\u0105 skierowan\u0105 do uczni\u00f3w szk\u00f3\u0142 ponadpodstawowych, organizowan\u0105 jako forma kampanii spo\u0142ecznej promuj\u0105cej postaw\u0119 rozwoju cz\u0142owieka poprzez <b>pog\u0142\u0119bianie wiedzy na temat<\/b>\u00a0<b>narodzin oraz funkcjonowania III Rzeczpospolitej<\/b>\u00a0? m.in. jej genezy, konstytucji, ustroju, systemu politycznego i partyjnego, samorz\u0105du terytorialnego, organ\u00f3w w\u0142adzy publicznej, prawa, spo\u0142ecze\u0144stwa, przestrzegania praw cz\u0142owieka, polityki zagranicznej czy cz\u0142onkostwa w organizacjach mi\u0119dzynarodowych. Celem Olimpiady jest ponadto\u00a0<b>promocja<\/b>\u00a0takich warto\u015bci jak:\u00a0<b>demokracja, tolerancja, patriotyzm i szacunek do w\u0142asnej Ojczyzny<\/b>\u00a0oraz przybli\u017cenie sylwetek ?ojc\u00f3w? i ?architekt\u00f3w? III RP.<\/p>\n","protected":false},"excerpt":{"rendered":"<p>Mi\u0142o nam poinformowa\u0107, \u017ce Mateusz Lewicki (3a) zaj\u0105\u0142 2 miejsce w etapie okr\u0119gowym XI Olimpiady Wiedzy o III RP i uzyska\u0142 tytu\u0142 Laureata (wytypowanego do etapu centralnego &#8211; 17.06.2023). Gratulujemy i trzymamy kciuki za dalsze sukcesy! &nbsp; Olimpiada Wiedzy o III RP jest pierwsz\u0105 inicjatyw\u0105 Fundacji Polska Edukacja im. KEN, organizowan\u0105 w ramach Centrum COPTIOSH&#8230;.<\/p>\n","protected":false},"author":4,"featured_media":11167,"comment_status":"closed","ping_status":"closed","sticky":false,"template":"","format":"gallery","meta":{"_acf_changed":false,"_s2mail":"","footnotes":""},"categories":[1],"tags":[],"class_list":["post-11584","post","type-post","status-publish","format-gallery","has-post-thumbnail","hentry","category-bez-kategorii","post_format-post-format-gallery"],"acf":[],"_links":{"self":[{"href":"https:\/\/lo6.szczecin.pl\/index.php\/wp-json\/wp\/v2\/posts\/11584","targetHints":{"allow":["GET"]}}],"collection":[{"href":"https:\/\/lo6.szczecin.pl\/index.php\/wp-json\/wp\/v2\/posts"}],"about":[{"href":"https:\/\/lo6.szczecin.pl\/index.php\/wp-json\/wp\/v2\/types\/post"}],"author":[{"embeddable":true,"href":"https:\/\/lo6.szczecin.pl\/index.php\/wp-json\/wp\/v2\/users\/4"}],"replies":[{"embeddable":true,"href":"https:\/\/lo6.szczecin.pl\/index.php\/wp-json\/wp\/v2\/comments?post=11584"}],"version-history":[{"count":1,"href":"https:\/\/lo6.szczecin.pl\/index.php\/wp-json\/wp\/v2\/posts\/11584\/revisions"}],"predecessor-version":[{"id":11585,"href":"https:\/\/lo6.szczecin.pl\/index.php\/wp-json\/wp\/v2\/posts\/11584\/revisions\/11585"}],"wp:featuredmedia":[{"embeddable":true,"href":"https:\/\/lo6.szczecin.pl\/index.php\/wp-json\/wp\/v2\/media\/11167"}],"wp:attachment":[{"href":"https:\/\/lo6.szczecin.pl\/index.php\/wp-json\/wp\/v2\/media?parent=11584"}],"wp:term":[{"taxonomy":"category","embeddable":true,"href":"https:\/\/lo6.szczecin.pl\/index.php\/wp-json\/wp\/v2\/categories?post=11584"},{"taxonomy":"post_tag","embeddable":true,"href":"https:\/\/lo6.szczecin.pl\/index.php\/wp-json\/wp\/v2\/tags?post=11584"}],"curies":[{"name":"wp","href":"https:\/\/api.w.org\/{rel}","templated":true}]}}