{"id":11565,"date":"2023-03-16T14:00:30","date_gmt":"2023-03-16T13:00:30","guid":{"rendered":"https:\/\/lo6.szczecin.pl\/?p=11565"},"modified":"2023-03-17T08:59:12","modified_gmt":"2023-03-17T07:59:12","slug":"miedzynarodowy-dzien-matematyk1","status":"publish","type":"post","link":"https:\/\/lo6.szczecin.pl\/index.php\/2023\/03\/16\/miedzynarodowy-dzien-matematyk1\/","title":{"rendered":"Mi\u0119dzynarodowy Dzie\u0144 Matematyki"},"content":{"rendered":"<div style=\"padding-left: 40px;\">14 marca z okazji Mi\u0119dzynarodowego Dnia Matematyki klasy realizuj\u0105ce matematyk\u0119 w zakresie rozszerzonym wzi\u0119\u0142y udzia\u0142 w wyk\u0142adach z matematyki, kt\u00f3re zaprezentowa\u0142 wyk\u0142adowca ze Studium Matematyki Zachodniopomorskiego Uniwersytetu Technologicznego.<\/div>\n<div style=\"padding-left: 40px;\">\u00a0Klasa 2c i 3c wys\u0142ucha\u0142y wyk\u0142adu &#8221; O metrykach &#8211; czyli kwadratowe ko\u0142o&#8221;, klasy 1c i 4c &#8220;Zagadki niesko\u0144czono\u015bci&#8221;.<\/div>\n","protected":false},"excerpt":{"rendered":"<p>14 marca z okazji Mi\u0119dzynarodowego Dnia Matematyki klasy realizuj\u0105ce matematyk\u0119 w zakresie rozszerzonym wzi\u0119\u0142y udzia\u0142 w wyk\u0142adach z matematyki, kt\u00f3re zaprezentowa\u0142 wyk\u0142adowca ze Studium Matematyki Zachodniopomorskiego Uniwersytetu Technologicznego. \u00a0Klasa 2c i 3c wys\u0142ucha\u0142y wyk\u0142adu &#8221; O metrykach &#8211; czyli kwadratowe ko\u0142o&#8221;, klasy 1c i 4c &#8220;Zagadki niesko\u0144czono\u015bci&#8221;.<\/p>\n","protected":false},"author":4,"featured_media":11566,"comment_status":"closed","ping_status":"closed","sticky":false,"template":"","format":"gallery","meta":{"_acf_changed":false,"_s2mail":"","footnotes":""},"categories":[365],"tags":[],"class_list":["post-11565","post","type-post","status-publish","format-gallery","has-post-thumbnail","hentry","category-galeria","post_format-post-format-gallery"],"acf":[],"_links":{"self":[{"href":"https:\/\/lo6.szczecin.pl\/index.php\/wp-json\/wp\/v2\/posts\/11565","targetHints":{"allow":["GET"]}}],"collection":[{"href":"https:\/\/lo6.szczecin.pl\/index.php\/wp-json\/wp\/v2\/posts"}],"about":[{"href":"https:\/\/lo6.szczecin.pl\/index.php\/wp-json\/wp\/v2\/types\/post"}],"author":[{"embeddable":true,"href":"https:\/\/lo6.szczecin.pl\/index.php\/wp-json\/wp\/v2\/users\/4"}],"replies":[{"embeddable":true,"href":"https:\/\/lo6.szczecin.pl\/index.php\/wp-json\/wp\/v2\/comments?post=11565"}],"version-history":[{"count":2,"href":"https:\/\/lo6.szczecin.pl\/index.php\/wp-json\/wp\/v2\/posts\/11565\/revisions"}],"predecessor-version":[{"id":11573,"href":"https:\/\/lo6.szczecin.pl\/index.php\/wp-json\/wp\/v2\/posts\/11565\/revisions\/11573"}],"wp:featuredmedia":[{"embeddable":true,"href":"https:\/\/lo6.szczecin.pl\/index.php\/wp-json\/wp\/v2\/media\/11566"}],"wp:attachment":[{"href":"https:\/\/lo6.szczecin.pl\/index.php\/wp-json\/wp\/v2\/media?parent=11565"}],"wp:term":[{"taxonomy":"category","embeddable":true,"href":"https:\/\/lo6.szczecin.pl\/index.php\/wp-json\/wp\/v2\/categories?post=11565"},{"taxonomy":"post_tag","embeddable":true,"href":"https:\/\/lo6.szczecin.pl\/index.php\/wp-json\/wp\/v2\/tags?post=11565"}],"curies":[{"name":"wp","href":"https:\/\/api.w.org\/{rel}","templated":true}]}}