{"id":11535,"date":"2023-03-13T10:21:25","date_gmt":"2023-03-13T09:21:25","guid":{"rendered":"https:\/\/lo6.szczecin.pl\/?p=11535"},"modified":"2023-03-13T10:32:46","modified_gmt":"2023-03-13T09:32:46","slug":"konsultacje-i-zebrania-z-rodzicami","status":"publish","type":"post","link":"https:\/\/lo6.szczecin.pl\/index.php\/2023\/03\/13\/konsultacje-i-zebrania-z-rodzicami\/","title":{"rendered":"Konsultacje i zebrania z rodzicami"},"content":{"rendered":"<p style=\"padding-left: 40px;\">16 marca 2023 r. odb\u0119d\u0105 si\u0119 zebrania i konsultacje<\/p>\n<p style=\"padding-left: 40px;\">1. INDYWIDUALNE KONSULTACJE RODZIC\u00d3W Z NAUCZYCIELAMI uczni\u00f3w klas I, II i III &#8211; godz. 17.00-19.00: bie\u017c\u0105ce osi\u0105gni\u0119cia uczni\u00f3w, post\u0119py w nauce;\u00a0 (wskazane jest um\u00f3wienie godziny konsultacji z nauczycielem)<br \/>\n2. Zebrania z rodzicami uczni\u00f3w klas IV &#8211; godz. 18.00\u00a0 ZEBRANIE OG\u00d3LNE: bie\u017c\u0105ce osi\u0105gni\u0119cia uczni\u00f3w, post\u0119py w nauce, przewidywane oceny roczne z przedmiot\u00f3w i zachowania, zagro\u017cenia ocenami niedostatecznymi uczni\u00f3w klas IV<\/p>\n","protected":false},"excerpt":{"rendered":"<p>16 marca 2023 r. odb\u0119d\u0105 si\u0119 zebrania i konsultacje 1. INDYWIDUALNE KONSULTACJE RODZIC\u00d3W Z NAUCZYCIELAMI uczni\u00f3w klas I, II i III &#8211; godz. 17.00-19.00: bie\u017c\u0105ce osi\u0105gni\u0119cia uczni\u00f3w, post\u0119py w nauce;\u00a0 (wskazane jest um\u00f3wienie godziny konsultacji z nauczycielem) 2. Zebrania z rodzicami uczni\u00f3w klas IV &#8211; godz. 18.00\u00a0 ZEBRANIE OG\u00d3LNE: bie\u017c\u0105ce osi\u0105gni\u0119cia uczni\u00f3w, post\u0119py w nauce,&#8230;<\/p>\n","protected":false},"author":4,"featured_media":0,"comment_status":"closed","ping_status":"closed","sticky":false,"template":"","format":"gallery","meta":{"_acf_changed":false,"_s2mail":"","footnotes":""},"categories":[1],"tags":[],"class_list":["post-11535","post","type-post","status-publish","format-gallery","hentry","category-bez-kategorii","post_format-post-format-gallery"],"acf":[],"_links":{"self":[{"href":"https:\/\/lo6.szczecin.pl\/index.php\/wp-json\/wp\/v2\/posts\/11535","targetHints":{"allow":["GET"]}}],"collection":[{"href":"https:\/\/lo6.szczecin.pl\/index.php\/wp-json\/wp\/v2\/posts"}],"about":[{"href":"https:\/\/lo6.szczecin.pl\/index.php\/wp-json\/wp\/v2\/types\/post"}],"author":[{"embeddable":true,"href":"https:\/\/lo6.szczecin.pl\/index.php\/wp-json\/wp\/v2\/users\/4"}],"replies":[{"embeddable":true,"href":"https:\/\/lo6.szczecin.pl\/index.php\/wp-json\/wp\/v2\/comments?post=11535"}],"version-history":[{"count":4,"href":"https:\/\/lo6.szczecin.pl\/index.php\/wp-json\/wp\/v2\/posts\/11535\/revisions"}],"predecessor-version":[{"id":11541,"href":"https:\/\/lo6.szczecin.pl\/index.php\/wp-json\/wp\/v2\/posts\/11535\/revisions\/11541"}],"wp:attachment":[{"href":"https:\/\/lo6.szczecin.pl\/index.php\/wp-json\/wp\/v2\/media?parent=11535"}],"wp:term":[{"taxonomy":"category","embeddable":true,"href":"https:\/\/lo6.szczecin.pl\/index.php\/wp-json\/wp\/v2\/categories?post=11535"},{"taxonomy":"post_tag","embeddable":true,"href":"https:\/\/lo6.szczecin.pl\/index.php\/wp-json\/wp\/v2\/tags?post=11535"}],"curies":[{"name":"wp","href":"https:\/\/api.w.org\/{rel}","templated":true}]}}