{"id":11526,"date":"2023-03-08T10:12:35","date_gmt":"2023-03-08T09:12:35","guid":{"rendered":"https:\/\/lo6.szczecin.pl\/?p=11526"},"modified":"2023-03-13T10:14:03","modified_gmt":"2023-03-13T09:14:03","slug":"ii-edycja-pucharu-szczecina-na-ergometrach-wioslarskich","status":"publish","type":"post","link":"https:\/\/lo6.szczecin.pl\/index.php\/2023\/03\/08\/ii-edycja-pucharu-szczecina-na-ergometrach-wioslarskich\/","title":{"rendered":"II edycja Pucharu Szczecina na Ergometrach Wio\u015blarskich"},"content":{"rendered":"<div dir=\"auto\" style=\"padding-left: 40px;\">8 marca 2023 r. odby\u0142a si\u0119 II edycja Pucharu Szczecina na Ergometrach Wio\u015blarskich. Nasz\u0105 szko\u0142\u0119 reprezentowa\u0142a liczna grupa.<\/div>\n<div dir=\"auto\" style=\"padding-left: 40px;\">Medali\u015bci rywalizacji sportowej :<\/div>\n<div dir=\"auto\" style=\"padding-left: 40px;\">kategoria klas 1 dziewcz\u0105t &#8211; 1 miejsce &#8211; Maria B\u0142a\u017cejewska kl. 1b2, 3 miejsce &#8211; Natalia Mocka\u0142a kl.1b. Kategoria Open ch\u0142opc\u00f3w &#8211; 2 miejsce &#8211; Piotr Kaczmarkiewicz kl. 4c, 4 miejsce &#8211; Piotr Bagniak kl. 3c<\/div>\n","protected":false},"excerpt":{"rendered":"<p>8 marca 2023 r. odby\u0142a si\u0119 II edycja Pucharu Szczecina na Ergometrach Wio\u015blarskich. Nasz\u0105 szko\u0142\u0119 reprezentowa\u0142a liczna grupa. Medali\u015bci rywalizacji sportowej : kategoria klas 1 dziewcz\u0105t &#8211; 1 miejsce &#8211; Maria B\u0142a\u017cejewska kl. 1b2, 3 miejsce &#8211; Natalia Mocka\u0142a kl.1b. Kategoria Open ch\u0142opc\u00f3w &#8211; 2 miejsce &#8211; Piotr Kaczmarkiewicz kl. 4c, 4 miejsce &#8211; Piotr&#8230;<\/p>\n","protected":false},"author":4,"featured_media":11527,"comment_status":"closed","ping_status":"closed","sticky":false,"template":"","format":"gallery","meta":{"_acf_changed":false,"_s2mail":"","footnotes":""},"categories":[1],"tags":[],"class_list":["post-11526","post","type-post","status-publish","format-gallery","has-post-thumbnail","hentry","category-bez-kategorii","post_format-post-format-gallery"],"acf":[],"_links":{"self":[{"href":"https:\/\/lo6.szczecin.pl\/index.php\/wp-json\/wp\/v2\/posts\/11526","targetHints":{"allow":["GET"]}}],"collection":[{"href":"https:\/\/lo6.szczecin.pl\/index.php\/wp-json\/wp\/v2\/posts"}],"about":[{"href":"https:\/\/lo6.szczecin.pl\/index.php\/wp-json\/wp\/v2\/types\/post"}],"author":[{"embeddable":true,"href":"https:\/\/lo6.szczecin.pl\/index.php\/wp-json\/wp\/v2\/users\/4"}],"replies":[{"embeddable":true,"href":"https:\/\/lo6.szczecin.pl\/index.php\/wp-json\/wp\/v2\/comments?post=11526"}],"version-history":[{"count":1,"href":"https:\/\/lo6.szczecin.pl\/index.php\/wp-json\/wp\/v2\/posts\/11526\/revisions"}],"predecessor-version":[{"id":11533,"href":"https:\/\/lo6.szczecin.pl\/index.php\/wp-json\/wp\/v2\/posts\/11526\/revisions\/11533"}],"wp:featuredmedia":[{"embeddable":true,"href":"https:\/\/lo6.szczecin.pl\/index.php\/wp-json\/wp\/v2\/media\/11527"}],"wp:attachment":[{"href":"https:\/\/lo6.szczecin.pl\/index.php\/wp-json\/wp\/v2\/media?parent=11526"}],"wp:term":[{"taxonomy":"category","embeddable":true,"href":"https:\/\/lo6.szczecin.pl\/index.php\/wp-json\/wp\/v2\/categories?post=11526"},{"taxonomy":"post_tag","embeddable":true,"href":"https:\/\/lo6.szczecin.pl\/index.php\/wp-json\/wp\/v2\/tags?post=11526"}],"curies":[{"name":"wp","href":"https:\/\/api.w.org\/{rel}","templated":true}]}}