{"id":11513,"date":"2023-03-09T10:04:37","date_gmt":"2023-03-09T09:04:37","guid":{"rendered":"https:\/\/lo6.szczecin.pl\/?p=11513"},"modified":"2023-03-13T10:09:38","modified_gmt":"2023-03-13T09:09:38","slug":"11513","status":"publish","type":"post","link":"https:\/\/lo6.szczecin.pl\/index.php\/2023\/03\/09\/11513\/","title":{"rendered":"V Sympozjum M\u0142odzi. Technika. Przemys\u0142."},"content":{"rendered":"<p style=\"padding-left: 40px;\">Uczniowie VI LO w dniu 09.03.2023 r. wzi\u0119li udzia\u0142 w V Sympozjum M\u0142odzi. Technika. Przemys\u0142.<\/p>\n","protected":false},"excerpt":{"rendered":"<p>Uczniowie VI LO w dniu 09.03.2023 r. wzi\u0119li udzia\u0142 w V Sympozjum M\u0142odzi. Technika. Przemys\u0142.<\/p>\n","protected":false},"author":4,"featured_media":11515,"comment_status":"closed","ping_status":"closed","sticky":false,"template":"","format":"gallery","meta":{"_acf_changed":false,"_s2mail":"","footnotes":""},"categories":[1],"tags":[],"class_list":["post-11513","post","type-post","status-publish","format-gallery","has-post-thumbnail","hentry","category-bez-kategorii","post_format-post-format-gallery"],"acf":[],"_links":{"self":[{"href":"https:\/\/lo6.szczecin.pl\/index.php\/wp-json\/wp\/v2\/posts\/11513","targetHints":{"allow":["GET"]}}],"collection":[{"href":"https:\/\/lo6.szczecin.pl\/index.php\/wp-json\/wp\/v2\/posts"}],"about":[{"href":"https:\/\/lo6.szczecin.pl\/index.php\/wp-json\/wp\/v2\/types\/post"}],"author":[{"embeddable":true,"href":"https:\/\/lo6.szczecin.pl\/index.php\/wp-json\/wp\/v2\/users\/4"}],"replies":[{"embeddable":true,"href":"https:\/\/lo6.szczecin.pl\/index.php\/wp-json\/wp\/v2\/comments?post=11513"}],"version-history":[{"count":2,"href":"https:\/\/lo6.szczecin.pl\/index.php\/wp-json\/wp\/v2\/posts\/11513\/revisions"}],"predecessor-version":[{"id":11525,"href":"https:\/\/lo6.szczecin.pl\/index.php\/wp-json\/wp\/v2\/posts\/11513\/revisions\/11525"}],"wp:featuredmedia":[{"embeddable":true,"href":"https:\/\/lo6.szczecin.pl\/index.php\/wp-json\/wp\/v2\/media\/11515"}],"wp:attachment":[{"href":"https:\/\/lo6.szczecin.pl\/index.php\/wp-json\/wp\/v2\/media?parent=11513"}],"wp:term":[{"taxonomy":"category","embeddable":true,"href":"https:\/\/lo6.szczecin.pl\/index.php\/wp-json\/wp\/v2\/categories?post=11513"},{"taxonomy":"post_tag","embeddable":true,"href":"https:\/\/lo6.szczecin.pl\/index.php\/wp-json\/wp\/v2\/tags?post=11513"}],"curies":[{"name":"wp","href":"https:\/\/api.w.org\/{rel}","templated":true}]}}