{"id":11481,"date":"2023-03-08T07:38:38","date_gmt":"2023-03-08T06:38:38","guid":{"rendered":"https:\/\/lo6.szczecin.pl\/?p=11481"},"modified":"2023-03-08T07:38:38","modified_gmt":"2023-03-08T06:38:38","slug":"projekt-matura","status":"publish","type":"post","link":"https:\/\/lo6.szczecin.pl\/index.php\/2023\/03\/08\/projekt-matura\/","title":{"rendered":"Projekt Matura+"},"content":{"rendered":"<div style=\"padding-left: 40px;\">6 marca grupa maturzyst\u00f3w z klas 4B1 i 4B2 bior\u0105ca udzia\u0142 w og\u00f3lnopolskim projekcie Matura+ organizowanym przez Fundacj\u0119 Empiria i Wiedza uczestniczy\u0142a w wyk\u0142adzie z matematyki podsumowuj\u0105cym dotychczasow\u0105 cz\u0119\u015b\u0107 projektu. W czasie spotkania uczniowie rozwi\u0105zywali zadania maturalne, wys\u0142uchali wyk\u0142adu o przygotowaniach do matury.<\/div>\n<div style=\"padding-left: 40px;\"><\/div>\n","protected":false},"excerpt":{"rendered":"<p>6 marca grupa maturzyst\u00f3w z klas 4B1 i 4B2 bior\u0105ca udzia\u0142 w og\u00f3lnopolskim projekcie Matura+ organizowanym przez Fundacj\u0119 Empiria i Wiedza uczestniczy\u0142a w wyk\u0142adzie z matematyki podsumowuj\u0105cym dotychczasow\u0105 cz\u0119\u015b\u0107 projektu. W czasie spotkania uczniowie rozwi\u0105zywali zadania maturalne, wys\u0142uchali wyk\u0142adu o przygotowaniach do matury.<\/p>\n","protected":false},"author":4,"featured_media":11482,"comment_status":"closed","ping_status":"closed","sticky":false,"template":"","format":"gallery","meta":{"_acf_changed":false,"_s2mail":"","footnotes":""},"categories":[1],"tags":[],"class_list":["post-11481","post","type-post","status-publish","format-gallery","has-post-thumbnail","hentry","category-bez-kategorii","post_format-post-format-gallery"],"acf":[],"_links":{"self":[{"href":"https:\/\/lo6.szczecin.pl\/index.php\/wp-json\/wp\/v2\/posts\/11481","targetHints":{"allow":["GET"]}}],"collection":[{"href":"https:\/\/lo6.szczecin.pl\/index.php\/wp-json\/wp\/v2\/posts"}],"about":[{"href":"https:\/\/lo6.szczecin.pl\/index.php\/wp-json\/wp\/v2\/types\/post"}],"author":[{"embeddable":true,"href":"https:\/\/lo6.szczecin.pl\/index.php\/wp-json\/wp\/v2\/users\/4"}],"replies":[{"embeddable":true,"href":"https:\/\/lo6.szczecin.pl\/index.php\/wp-json\/wp\/v2\/comments?post=11481"}],"version-history":[{"count":1,"href":"https:\/\/lo6.szczecin.pl\/index.php\/wp-json\/wp\/v2\/posts\/11481\/revisions"}],"predecessor-version":[{"id":11483,"href":"https:\/\/lo6.szczecin.pl\/index.php\/wp-json\/wp\/v2\/posts\/11481\/revisions\/11483"}],"wp:featuredmedia":[{"embeddable":true,"href":"https:\/\/lo6.szczecin.pl\/index.php\/wp-json\/wp\/v2\/media\/11482"}],"wp:attachment":[{"href":"https:\/\/lo6.szczecin.pl\/index.php\/wp-json\/wp\/v2\/media?parent=11481"}],"wp:term":[{"taxonomy":"category","embeddable":true,"href":"https:\/\/lo6.szczecin.pl\/index.php\/wp-json\/wp\/v2\/categories?post=11481"},{"taxonomy":"post_tag","embeddable":true,"href":"https:\/\/lo6.szczecin.pl\/index.php\/wp-json\/wp\/v2\/tags?post=11481"}],"curies":[{"name":"wp","href":"https:\/\/api.w.org\/{rel}","templated":true}]}}