{"id":11440,"date":"2023-03-01T08:42:29","date_gmt":"2023-03-01T07:42:29","guid":{"rendered":"https:\/\/lo6.szczecin.pl\/?p=11440"},"modified":"2023-03-07T07:24:02","modified_gmt":"2023-03-07T06:24:02","slug":"ostrzeszowskie-potyczki-oksfordzkie","status":"publish","type":"post","link":"https:\/\/lo6.szczecin.pl\/index.php\/2023\/03\/01\/ostrzeszowskie-potyczki-oksfordzkie\/","title":{"rendered":"Ostrzeszowskie Potyczki Oksfordzkie"},"content":{"rendered":"<div dir=\"auto\" style=\"padding-left: 40px;\">Zostali\u015bmy zaproszeni do turnieju debat oksfordzkich (stacjonarnie) w Ostrzeszowie.<\/div>\n<div dir=\"auto\" style=\"padding-left: 40px;\">Turniej odb\u0119dzie si\u0119 w terminie 1-2 marca.<br \/>\nNasz\u0105 szko\u0142\u0119 reprezentowa\u0107 b\u0119d\u0105 nast\u0119puj\u0105cy uczniowie:<br \/>\nMaria Or\u0142owska, Jacek Mark\u00f3w, Konrad Szczepa\u0144ski, Bartosz Goli\u0144cak Piotr Brzeski, Jakub Jaworski (wszyscy z klasy 4A), oraz Martyna Szel\u0105g i Julia Bykowska (obie z klasy 2A)<\/div>\n<div dir=\"auto\" style=\"padding-left: 40px;\"><\/div>\n<div dir=\"auto\" style=\"padding-left: 40px;\">\n<div><strong>Ostrzeszowskie potyczki oksfordzkie &#8211; relacja Marii Or\u0142owskiej z kl. 4A<\/strong><\/div>\n<div><\/div>\n<div>Wyjechali\u015bmy ze Szczecina o godzinie 5.30<\/div>\n<div><\/div>\n<div>By\u0142o to dla nas nie lada wyzwanie, poniewa\u017c jak powszechnie wiadomo, humani\u015bci nie wstaj\u0105 za wcze\u015bnie.<\/div>\n<div><\/div>\n<div><\/div>\n<div>Po d\u0142ugiej podr\u00f3\u017cy wysiedli\u015bmy w Ostrzeszowie. Jest to miasto z bardzo ciekaw\u0105 histori\u0105, po\u0142o\u017cone w po\u0142udniowej Wielkopolsce oko\u0142o 90 kilometr\u00f3w od Wroc\u0142awia.<\/div>\n<div><\/div>\n<div>Zakwaterowali\u015bmy si\u0119 w bursie, w kt\u00f3rej sp\u0119dzili\u015bmy dwa nast\u0119pne dni.<\/div>\n<div><\/div>\n<div>Rozpakowali\u015bmy walizki i ruszyli\u015bmy ku przygodzie, zwiedzaj\u0105c ostrzeszowskie uliczki.<\/div>\n<div><\/div>\n<div>Nast\u0119pnego dnia odby\u0142 si\u0119 pierwszy dzie\u0144 turnieju. Dru\u017cyna z VI LO star\u0142a si\u0119 w pojedynku z drug\u0105 dru\u017cyn\u0105 z I Liceum og\u00f3lnokszta\u0142c\u0105cego im. Marii Sk\u0142odowskiej-Curie w Ostrzeszowie. Teza debaty brzmia\u0142a: Przegrana ZSRR w zimnej wojnie odegra\u0142a wi\u0119ksz\u0105 rol\u0119 w upadku systemu komunistycznego w Polsce ni\u017c dzia\u0142alno\u015b\u0107 opozycji. Panowie wylosowali afirmacj\u0119.<\/div>\n<div><\/div>\n<div>Debata zako\u0144czy\u0142a si\u0119 wynikiem 18-12 dla dru\u017cyny ze Szczecina.<\/div>\n<div><\/div>\n<div>P\u00f3\u017aniej odby\u0142a si\u0119 nast\u0119pna debata pomi\u0119dzy dru\u017cyn\u0105 z Wielunia a pierwsz\u0105 dru\u017cyn\u0105 z Ostrzeszowa. Teza debaty dotyczy\u0142a system\u00f3w politycznych: prezydenckiego i parlamentarno-gabinetowego.<\/div>\n<div><\/div>\n<div>Popo\u0142udnie sp\u0119dzili\u015bmy na wycieczce. Zwiedzili\u015bmy Rynek oraz baszt\u0119 z wie\u017c\u0105 widokow\u0105. Poznali\u015bmy legend\u0119 dotycz\u0105c\u0105 etymologii nazwy Ostrzesz\u00f3w oraz wybili\u015bmy ostrzeszowskie dukaty. W muzeum na rynku dowiedzieli\u015bmy si\u0119, \u017ce w czasie II wojny \u015bwiatowej Ostrzesz\u00f3w by\u0142 ,,miastem za drutami?, w kt\u00f3rym mie\u015bci\u0142y si\u0119 obozy jenieckie, przez 6 lat trwania konfliktu przebywa\u0142o tam 125 tysi\u0119cy \u017co\u0142nierzy alianckich i polskich. W\u015br\u00f3d uwi\u0119zionych byli Maksymilian Maria Kolbe (pierwszy polski m\u0119czennik okresu II wojny \u015bwiatowej) i dziadek Jensa Stoltenberga, kt\u00f3ry by\u0142 jednym z je\u0144c\u00f3w norweskich. Jens Stoltenberg (obecnie szef NATO) odwiedzi\u0142 Ostrzesz\u00f3w w 2007 roku, pe\u0142ni\u0105c w\u00f3wczas obowi\u0105zki premiera Norwegii.<\/div>\n<div><\/div>\n<div>Ostatni dzie\u0144 naszej wycieczki zacz\u0119li\u015bmy zwiedzaniem Izby Pami\u0119ci im. Maksymiliana Kolbe, kt\u00f3ra znajdowa\u0142a si\u0119 w tamtejszym liceum, w kt\u00f3rym by\u0142o nam dane debatowa\u0107. P\u00f3\u017aniej wys\u0142uchali\u015bmy debaty o III miejsce, w kt\u00f3rej uczestniczy\u0142y dru\u017cyny z Ostrzeszowa i Wielunia. Obiektem dyskusji by\u0142a umiej\u0119tno\u015b\u0107 rozwi\u0105zywania spor\u00f3w przez organizacje mi\u0119dzynarodowe. Jednak to nie by\u0142 koniec.<\/div>\n<div>Czeka\u0142o na nas bardzo trudne zadanie. Trzeba by\u0142o zmierzy\u0107 si\u0119 w finale z pierwsz\u0105 dru\u017cyn\u0105 z Ostrzeszowa . Teza fina\u0142owa brzmia\u0142a: ,,Polsk\u0119 mo\u017cna zaliczy\u0107 do obozu pa\u0144stw zwyci\u0119skich w II wojnie \u015bwiatowej?.<\/div>\n<div><\/div>\n<div>Nasza dru\u017cyna wylosowa\u0142a stron\u0119 opozycji. Debata by\u0142a bardzo merytoryczna i wielop\u0142aszczyznowa, obie dru\u017cyny wykaza\u0142y si\u0119 du\u017c\u0105 znajomo\u015bci\u0105 tematu i poruszy\u0142y wiele istotnych kwestii. Po ostatniej mowie tej debaty wszyscy w napi\u0119ciu wyczekiwali na werdykt s\u0119dzi\u00f3w. Wynikiem 21 &#8211; 9 zwyci\u0119\u017cy\u0142a dru\u017cyna z VI LO w Szczecinie. Po wr\u0119czeniu nagr\u00f3d wszystkim dru\u017cynom bior\u0105cym udzia\u0142 w turnieju przyszed\u0142 czas na uroczysty obiad. Po godzinie 17 skierowali\u015bmy si\u0119 w stron\u0119 ostrzeszowskiego dworca, by wyruszy\u0107 w drog\u0119 powrotn\u0105 do Szczecina.<\/div>\n<div><\/div>\n<\/div>\n","protected":false},"excerpt":{"rendered":"<p>Zostali\u015bmy zaproszeni do turnieju debat oksfordzkich (stacjonarnie) w Ostrzeszowie. Turniej odb\u0119dzie si\u0119 w terminie 1-2 marca. Nasz\u0105 szko\u0142\u0119 reprezentowa\u0107 b\u0119d\u0105 nast\u0119puj\u0105cy uczniowie: Maria Or\u0142owska, Jacek Mark\u00f3w, Konrad Szczepa\u0144ski, Bartosz Goli\u0144cak Piotr Brzeski, Jakub Jaworski (wszyscy z klasy 4A), oraz Martyna Szel\u0105g i Julia Bykowska (obie z klasy 2A) Ostrzeszowskie potyczki oksfordzkie &#8211; relacja Marii Or\u0142owskiej&#8230;<\/p>\n","protected":false},"author":4,"featured_media":11448,"comment_status":"closed","ping_status":"closed","sticky":false,"template":"","format":"gallery","meta":{"_acf_changed":false,"_s2mail":"","footnotes":""},"categories":[1],"tags":[],"class_list":["post-11440","post","type-post","status-publish","format-gallery","has-post-thumbnail","hentry","category-bez-kategorii","post_format-post-format-gallery"],"acf":[],"_links":{"self":[{"href":"https:\/\/lo6.szczecin.pl\/index.php\/wp-json\/wp\/v2\/posts\/11440","targetHints":{"allow":["GET"]}}],"collection":[{"href":"https:\/\/lo6.szczecin.pl\/index.php\/wp-json\/wp\/v2\/posts"}],"about":[{"href":"https:\/\/lo6.szczecin.pl\/index.php\/wp-json\/wp\/v2\/types\/post"}],"author":[{"embeddable":true,"href":"https:\/\/lo6.szczecin.pl\/index.php\/wp-json\/wp\/v2\/users\/4"}],"replies":[{"embeddable":true,"href":"https:\/\/lo6.szczecin.pl\/index.php\/wp-json\/wp\/v2\/comments?post=11440"}],"version-history":[{"count":4,"href":"https:\/\/lo6.szczecin.pl\/index.php\/wp-json\/wp\/v2\/posts\/11440\/revisions"}],"predecessor-version":[{"id":11478,"href":"https:\/\/lo6.szczecin.pl\/index.php\/wp-json\/wp\/v2\/posts\/11440\/revisions\/11478"}],"wp:featuredmedia":[{"embeddable":true,"href":"https:\/\/lo6.szczecin.pl\/index.php\/wp-json\/wp\/v2\/media\/11448"}],"wp:attachment":[{"href":"https:\/\/lo6.szczecin.pl\/index.php\/wp-json\/wp\/v2\/media?parent=11440"}],"wp:term":[{"taxonomy":"category","embeddable":true,"href":"https:\/\/lo6.szczecin.pl\/index.php\/wp-json\/wp\/v2\/categories?post=11440"},{"taxonomy":"post_tag","embeddable":true,"href":"https:\/\/lo6.szczecin.pl\/index.php\/wp-json\/wp\/v2\/tags?post=11440"}],"curies":[{"name":"wp","href":"https:\/\/api.w.org\/{rel}","templated":true}]}}