{"id":11424,"date":"2023-02-22T12:07:05","date_gmt":"2023-02-22T11:07:05","guid":{"rendered":"https:\/\/lo6.szczecin.pl\/?p=11424"},"modified":"2023-02-22T12:07:27","modified_gmt":"2023-02-22T11:07:27","slug":"22-02-dzien-ofiar-przestepstw-oraz-23-02-swiatowy-dzien-walki-z-depresja","status":"publish","type":"post","link":"https:\/\/lo6.szczecin.pl\/index.php\/2023\/02\/22\/22-02-dzien-ofiar-przestepstw-oraz-23-02-swiatowy-dzien-walki-z-depresja\/","title":{"rendered":"22.02 Dzie\u0144 Ofiar Przest\u0119pstw oraz 23.02 \u015awiatowy Dzie\u0144 Walki z Depresj\u0105"},"content":{"rendered":"<p><a href=\"https:\/\/lo6.szczecin.pl\/wp-content\/uploads\/2023\/02\/DD.pdf\">23 lutego obchodzony jest Mi\u0119dzynarodowy Dzie\u0144 Walki z Depresj\u0105<\/a>.<\/p>\n<p>Depresja jest\u00a0chorob\u0105, kt\u00f3ra u r\u00f3\u017cnych os\u00f3b mo\u017ce mie\u0107 zupe\u0142nie inny przebieg. Potrafi rozwija\u0107 si\u0119 stopniowo. Pocz\u0105tkowo pojawiaj\u0105 niekt\u00f3re z objaw\u00f3w, nast\u0119pnie\u00a0jest ich wi\u0119cej i najcz\u0119\u015bciej nasilaj\u0105 sw\u00f3j charakter. Osoba, u kt\u00f3rej podejrzewamy depresj\u0119, powinna jak najszybciej znale\u017a\u0107 si\u0119 pod okiem specjalisty. Nie mo\u017cna traktowa\u0107 depresji tylko\u00a0jako stanu smutku i m\u00f3wi\u0107: wszystko b\u0119dzie dobrze, nie przesadzaj. Depresja to choroba, kt\u00f3r\u0105 trzeba leczy\u0107, aby by\u0142o lepiej.<\/p>\n<p>Je\u015bli nie b\u0119dzie leczona mo\u017ce doprowadzi\u0107 do najgorszego, czyli samob\u00f3jstwa.<\/p>\n<p>&nbsp;<\/p>\n<p>&nbsp;<\/p>\n","protected":false},"excerpt":{"rendered":"<p>23 lutego obchodzony jest Mi\u0119dzynarodowy Dzie\u0144 Walki z Depresj\u0105. Depresja jest\u00a0chorob\u0105, kt\u00f3ra u r\u00f3\u017cnych os\u00f3b mo\u017ce mie\u0107 zupe\u0142nie inny przebieg. Potrafi rozwija\u0107 si\u0119 stopniowo. Pocz\u0105tkowo pojawiaj\u0105 niekt\u00f3re z objaw\u00f3w, nast\u0119pnie\u00a0jest ich wi\u0119cej i najcz\u0119\u015bciej nasilaj\u0105 sw\u00f3j charakter. Osoba, u kt\u00f3rej podejrzewamy depresj\u0119, powinna jak najszybciej znale\u017a\u0107 si\u0119 pod okiem specjalisty. Nie mo\u017cna traktowa\u0107 depresji tylko\u00a0jako&#8230;<\/p>\n","protected":false},"author":4,"featured_media":11425,"comment_status":"closed","ping_status":"closed","sticky":false,"template":"","format":"gallery","meta":{"_acf_changed":false,"_s2mail":"","footnotes":""},"categories":[1],"tags":[],"class_list":["post-11424","post","type-post","status-publish","format-gallery","has-post-thumbnail","hentry","category-bez-kategorii","post_format-post-format-gallery"],"acf":[],"_links":{"self":[{"href":"https:\/\/lo6.szczecin.pl\/index.php\/wp-json\/wp\/v2\/posts\/11424","targetHints":{"allow":["GET"]}}],"collection":[{"href":"https:\/\/lo6.szczecin.pl\/index.php\/wp-json\/wp\/v2\/posts"}],"about":[{"href":"https:\/\/lo6.szczecin.pl\/index.php\/wp-json\/wp\/v2\/types\/post"}],"author":[{"embeddable":true,"href":"https:\/\/lo6.szczecin.pl\/index.php\/wp-json\/wp\/v2\/users\/4"}],"replies":[{"embeddable":true,"href":"https:\/\/lo6.szczecin.pl\/index.php\/wp-json\/wp\/v2\/comments?post=11424"}],"version-history":[{"count":1,"href":"https:\/\/lo6.szczecin.pl\/index.php\/wp-json\/wp\/v2\/posts\/11424\/revisions"}],"predecessor-version":[{"id":11427,"href":"https:\/\/lo6.szczecin.pl\/index.php\/wp-json\/wp\/v2\/posts\/11424\/revisions\/11427"}],"wp:featuredmedia":[{"embeddable":true,"href":"https:\/\/lo6.szczecin.pl\/index.php\/wp-json\/wp\/v2\/media\/11425"}],"wp:attachment":[{"href":"https:\/\/lo6.szczecin.pl\/index.php\/wp-json\/wp\/v2\/media?parent=11424"}],"wp:term":[{"taxonomy":"category","embeddable":true,"href":"https:\/\/lo6.szczecin.pl\/index.php\/wp-json\/wp\/v2\/categories?post=11424"},{"taxonomy":"post_tag","embeddable":true,"href":"https:\/\/lo6.szczecin.pl\/index.php\/wp-json\/wp\/v2\/tags?post=11424"}],"curies":[{"name":"wp","href":"https:\/\/api.w.org\/{rel}","templated":true}]}}