{"id":11386,"date":"2023-02-06T09:03:59","date_gmt":"2023-02-06T08:03:59","guid":{"rendered":"https:\/\/lo6.szczecin.pl\/?p=11386"},"modified":"2023-02-06T09:05:17","modified_gmt":"2023-02-06T08:05:17","slug":"fakultety-z-historii-dla-maturzystow","status":"publish","type":"post","link":"https:\/\/lo6.szczecin.pl\/index.php\/2023\/02\/06\/fakultety-z-historii-dla-maturzystow\/","title":{"rendered":"Fakultety z historii dla maturzyst\u00f3w"},"content":{"rendered":"<div style=\"padding-left: 40px;\">Oddzia\u0142owe Biuro Edukacji Narodowej Instytutu Pami\u0119ci Narodowej w Szczecinie og\u0142asza zapisy na fakultety dla maturzyst\u00f3w.<\/div>\n<div style=\"padding-left: 40px;\">Zakres tematyczny obejmuje histori\u0119 XX wieku (Polski i powszechn\u0105). W trakcie zaj\u0119\u0107: wyk\u0142ady, analizy zada\u0144 maturalnych, pakiet materia\u0142\u00f3w do powt\u00f3rze\u0144. Ca\u0142e fakultety roz\u0142o\u017cone s\u0105 na pi\u0119\u0107 spotka\u0144 od 20 lutego do 24 lutego 2023 r. Ka\u017cde spotkanie potrwa ok. 5 godzin (wliczone przerwy), codziennie od godz. 9:30 do ok. 14:30. Wszyscy uczestnicy otrzymaj\u0105 dost\u0119p do materia\u0142\u00f3w, kt\u00f3re pomog\u0105 im w przygotowaniach do matury. Ilo\u015b\u0107 miejsc jest ograniczona &#8211; decyduje kolejno\u015b\u0107 zg\u0142osze\u0144.<\/div>\n<div style=\"padding-left: 40px;\"><\/div>\n<div style=\"padding-left: 40px;\">Uwaga! Uczniowie zg\u0142aszaj\u0105 si\u0119 indywidualnie (nie przyjmujemy zg\u0142osze\u0144 zbiorowych od nauczycieli).<\/div>\n<div style=\"padding-left: 40px;\">Zapisy na fakultety przyjmuje Mateusz Lipko, tel. 91 31 29 429 lub mailowo: <a class=\"mailto-link\" href=\"mailto:mateusz.lipko@ipn.gov.pl\" target=\"_blank\" rel=\"noopener\">mateusz.lipko@ipn.gov.pl<\/a>&lt;mailto:<a class=\"mailto-link\" href=\"mailto:mateusz.lipko@ipn.gov.pl\" target=\"_blank\" rel=\"noopener\">mateusz.lipko@ipn.gov.pl<\/a>&gt;<\/div>\n<div><img loading=\"lazy\" decoding=\"async\" class=\"aligncenter size-large wp-image-11388\" src=\"https:\/\/lo6.szczecin.pl\/wp-content\/uploads\/2023\/02\/Socialmedia3.01Mailing-PL_7e98fb1e-0b92-45dc-b467-619ca50f2daa-1024x408.jpg\" alt=\"\" width=\"1024\" height=\"408\" srcset=\"https:\/\/lo6.szczecin.pl\/wp-content\/uploads\/2023\/02\/Socialmedia3.01Mailing-PL_7e98fb1e-0b92-45dc-b467-619ca50f2daa-1024x408.jpg 1024w, https:\/\/lo6.szczecin.pl\/wp-content\/uploads\/2023\/02\/Socialmedia3.01Mailing-PL_7e98fb1e-0b92-45dc-b467-619ca50f2daa-300x120.jpg 300w, https:\/\/lo6.szczecin.pl\/wp-content\/uploads\/2023\/02\/Socialmedia3.01Mailing-PL_7e98fb1e-0b92-45dc-b467-619ca50f2daa-768x306.jpg 768w, https:\/\/lo6.szczecin.pl\/wp-content\/uploads\/2023\/02\/Socialmedia3.01Mailing-PL_7e98fb1e-0b92-45dc-b467-619ca50f2daa.jpg 1335w\" sizes=\"auto, (max-width: 1024px) 100vw, 1024px\" \/><\/div>\n<div><\/div>\n<div style=\"padding-left: 40px;\"><a href=\"https:\/\/lo6.szczecin.pl\/wp-content\/uploads\/2023\/02\/Zalaczniik-nr-2-uczestnik-pelnoletni.docx\">Klauzula dla ucz. pe\u0142noletnich<\/a><\/div>\n<div style=\"padding-left: 40px;\"><a href=\"https:\/\/lo6.szczecin.pl\/wp-content\/uploads\/2023\/02\/Zalacznik-nr-1-klauzula.docx\">Klauzula informacyjna<\/a><\/div>\n<div><\/div>\n<div><\/div>\n<div style=\"padding-left: 40px;\"><\/div>\n<div><\/div>\n<div><\/div>\n","protected":false},"excerpt":{"rendered":"<p>Oddzia\u0142owe Biuro Edukacji Narodowej Instytutu Pami\u0119ci Narodowej w Szczecinie og\u0142asza zapisy na fakultety dla maturzyst\u00f3w. Zakres tematyczny obejmuje histori\u0119 XX wieku (Polski i powszechn\u0105). W trakcie zaj\u0119\u0107: wyk\u0142ady, analizy zada\u0144 maturalnych, pakiet materia\u0142\u00f3w do powt\u00f3rze\u0144. Ca\u0142e fakultety roz\u0142o\u017cone s\u0105 na pi\u0119\u0107 spotka\u0144 od 20 lutego do 24 lutego 2023 r. Ka\u017cde spotkanie potrwa ok. 5&#8230;<\/p>\n","protected":false},"author":4,"featured_media":11387,"comment_status":"closed","ping_status":"closed","sticky":false,"template":"","format":"standard","meta":{"_acf_changed":false,"_s2mail":"","footnotes":""},"categories":[1],"tags":[],"class_list":["post-11386","post","type-post","status-publish","format-standard","has-post-thumbnail","hentry","category-bez-kategorii"],"acf":[],"_links":{"self":[{"href":"https:\/\/lo6.szczecin.pl\/index.php\/wp-json\/wp\/v2\/posts\/11386","targetHints":{"allow":["GET"]}}],"collection":[{"href":"https:\/\/lo6.szczecin.pl\/index.php\/wp-json\/wp\/v2\/posts"}],"about":[{"href":"https:\/\/lo6.szczecin.pl\/index.php\/wp-json\/wp\/v2\/types\/post"}],"author":[{"embeddable":true,"href":"https:\/\/lo6.szczecin.pl\/index.php\/wp-json\/wp\/v2\/users\/4"}],"replies":[{"embeddable":true,"href":"https:\/\/lo6.szczecin.pl\/index.php\/wp-json\/wp\/v2\/comments?post=11386"}],"version-history":[{"count":2,"href":"https:\/\/lo6.szczecin.pl\/index.php\/wp-json\/wp\/v2\/posts\/11386\/revisions"}],"predecessor-version":[{"id":11394,"href":"https:\/\/lo6.szczecin.pl\/index.php\/wp-json\/wp\/v2\/posts\/11386\/revisions\/11394"}],"wp:featuredmedia":[{"embeddable":true,"href":"https:\/\/lo6.szczecin.pl\/index.php\/wp-json\/wp\/v2\/media\/11387"}],"wp:attachment":[{"href":"https:\/\/lo6.szczecin.pl\/index.php\/wp-json\/wp\/v2\/media?parent=11386"}],"wp:term":[{"taxonomy":"category","embeddable":true,"href":"https:\/\/lo6.szczecin.pl\/index.php\/wp-json\/wp\/v2\/categories?post=11386"},{"taxonomy":"post_tag","embeddable":true,"href":"https:\/\/lo6.szczecin.pl\/index.php\/wp-json\/wp\/v2\/tags?post=11386"}],"curies":[{"name":"wp","href":"https:\/\/api.w.org\/{rel}","templated":true}]}}