{"id":11275,"date":"2022-12-21T07:46:51","date_gmt":"2022-12-21T06:46:51","guid":{"rendered":"https:\/\/lo6.szczecin.pl\/?p=11275"},"modified":"2022-12-21T07:46:51","modified_gmt":"2022-12-21T06:46:51","slug":"etwinning-miedzykulturowo-i-swiateczni","status":"publish","type":"post","link":"https:\/\/lo6.szczecin.pl\/index.php\/2022\/12\/21\/etwinning-miedzykulturowo-i-swiateczni\/","title":{"rendered":"eTwinning mi\u0119dzykulturowo i \u015bwi\u0105teczni"},"content":{"rendered":"<p style=\"padding-left: 40px;\">W naszym projekcie eTwinning mi\u0119dzykulturowo i \u015bwi\u0105tecznie. Nagrywamy filmy i wymieniamy si\u0119 tradycjami bo\u017conarodzeniowymi. Organizujemy tak\u017ce pierwsze spotkania online. Ca\u0142ej spo\u0142eczno\u015bci szkolnej oraz ich rodzinom \u017cyczymy ???? ????????????, ?????? ??????, Buon Natale, a zatem&#8230; Weso\u0142ych \u015awi\u0105t!<\/p>\n","protected":false},"excerpt":{"rendered":"<p>W naszym projekcie eTwinning mi\u0119dzykulturowo i \u015bwi\u0105tecznie. Nagrywamy filmy i wymieniamy si\u0119 tradycjami bo\u017conarodzeniowymi. Organizujemy tak\u017ce pierwsze spotkania online. Ca\u0142ej spo\u0142eczno\u015bci szkolnej oraz ich rodzinom \u017cyczymy ???? ????????????, ?????? ??????, Buon Natale, a zatem&#8230; Weso\u0142ych \u015awi\u0105t!<\/p>\n","protected":false},"author":4,"featured_media":11276,"comment_status":"closed","ping_status":"closed","sticky":false,"template":"","format":"gallery","meta":{"_acf_changed":false,"_s2mail":"","footnotes":""},"categories":[1],"tags":[],"class_list":["post-11275","post","type-post","status-publish","format-gallery","has-post-thumbnail","hentry","category-bez-kategorii","post_format-post-format-gallery"],"acf":[],"_links":{"self":[{"href":"https:\/\/lo6.szczecin.pl\/index.php\/wp-json\/wp\/v2\/posts\/11275","targetHints":{"allow":["GET"]}}],"collection":[{"href":"https:\/\/lo6.szczecin.pl\/index.php\/wp-json\/wp\/v2\/posts"}],"about":[{"href":"https:\/\/lo6.szczecin.pl\/index.php\/wp-json\/wp\/v2\/types\/post"}],"author":[{"embeddable":true,"href":"https:\/\/lo6.szczecin.pl\/index.php\/wp-json\/wp\/v2\/users\/4"}],"replies":[{"embeddable":true,"href":"https:\/\/lo6.szczecin.pl\/index.php\/wp-json\/wp\/v2\/comments?post=11275"}],"version-history":[{"count":1,"href":"https:\/\/lo6.szczecin.pl\/index.php\/wp-json\/wp\/v2\/posts\/11275\/revisions"}],"predecessor-version":[{"id":11278,"href":"https:\/\/lo6.szczecin.pl\/index.php\/wp-json\/wp\/v2\/posts\/11275\/revisions\/11278"}],"wp:featuredmedia":[{"embeddable":true,"href":"https:\/\/lo6.szczecin.pl\/index.php\/wp-json\/wp\/v2\/media\/11276"}],"wp:attachment":[{"href":"https:\/\/lo6.szczecin.pl\/index.php\/wp-json\/wp\/v2\/media?parent=11275"}],"wp:term":[{"taxonomy":"category","embeddable":true,"href":"https:\/\/lo6.szczecin.pl\/index.php\/wp-json\/wp\/v2\/categories?post=11275"},{"taxonomy":"post_tag","embeddable":true,"href":"https:\/\/lo6.szczecin.pl\/index.php\/wp-json\/wp\/v2\/tags?post=11275"}],"curies":[{"name":"wp","href":"https:\/\/api.w.org\/{rel}","templated":true}]}}