{"id":11271,"date":"2022-12-19T08:32:41","date_gmt":"2022-12-19T07:32:41","guid":{"rendered":"https:\/\/lo6.szczecin.pl\/?p=11271"},"modified":"2022-12-19T08:32:41","modified_gmt":"2022-12-19T07:32:41","slug":"wycieczka-do-instytutu-maxa-planca","status":"publish","type":"post","link":"https:\/\/lo6.szczecin.pl\/index.php\/2022\/12\/19\/wycieczka-do-instytutu-maxa-planca\/","title":{"rendered":"Wycieczka do instytutu Maxa Planca"},"content":{"rendered":"<p style=\"padding-left: 40px;\">Dnia 14.10.2022 uczniowie klas 2c oraz 3c wzieli udzia\u0142 w wycieczce do instytutu Maxa Planca w Greifswaldzie, a tak\u017ce odwiedzili Oceanarium i jarmark \u015bwi\u0105teczny w Stralsundzie.<\/p>\n<p>W instutucie Maxa Planca uczniowie wys\u0142uchali wyk\u0142adu w j\u0119zyku anglielskim o dzia\u0142aniu reaktora i mogli wygra\u0107 skromne upominki odpowiadaj\u0105c na pytania. Po wyk\u0142adzie wykonane zosta\u0142o pami\u0105tkowe zdj\u0119cie a nast\u0119pnie wycieczka skierowa\u0142a si\u0119 do Stralsundu.<br \/>\nUczniowie w Oceanarium w Stralsundzie mieli mo\u017cliwo\u015b\u0107 na w\u0142asn\u0105 r\u0119k\u0119 pozna\u0107 \u015brodowisko wodne Ba\u0142tyku i zobaczy\u0107 \u017cyj\u0105ce tam stworzenia. Nast\u0119pnie mogli wypocz\u0105\u0107 i zje\u015b\u0107 co\u015b dobrego na jarmarku \u015bwi\u0105tecznym. Wycieczk\u0119 zako\u0144czy\u0142o ogl\u0105danie starego miasta.<\/p>\n","protected":false},"excerpt":{"rendered":"<p>Dnia 14.10.2022 uczniowie klas 2c oraz 3c wzieli udzia\u0142 w wycieczce do instytutu Maxa Planca w Greifswaldzie, a tak\u017ce odwiedzili Oceanarium i jarmark \u015bwi\u0105teczny w Stralsundzie. W instutucie Maxa Planca uczniowie wys\u0142uchali wyk\u0142adu w j\u0119zyku anglielskim o dzia\u0142aniu reaktora i mogli wygra\u0107 skromne upominki odpowiadaj\u0105c na pytania. Po wyk\u0142adzie wykonane zosta\u0142o pami\u0105tkowe zdj\u0119cie a nast\u0119pnie&#8230;<\/p>\n","protected":false},"author":4,"featured_media":11272,"comment_status":"closed","ping_status":"closed","sticky":false,"template":"","format":"gallery","meta":{"_acf_changed":false,"_s2mail":"","footnotes":""},"categories":[1],"tags":[],"class_list":["post-11271","post","type-post","status-publish","format-gallery","has-post-thumbnail","hentry","category-bez-kategorii","post_format-post-format-gallery"],"acf":[],"_links":{"self":[{"href":"https:\/\/lo6.szczecin.pl\/index.php\/wp-json\/wp\/v2\/posts\/11271","targetHints":{"allow":["GET"]}}],"collection":[{"href":"https:\/\/lo6.szczecin.pl\/index.php\/wp-json\/wp\/v2\/posts"}],"about":[{"href":"https:\/\/lo6.szczecin.pl\/index.php\/wp-json\/wp\/v2\/types\/post"}],"author":[{"embeddable":true,"href":"https:\/\/lo6.szczecin.pl\/index.php\/wp-json\/wp\/v2\/users\/4"}],"replies":[{"embeddable":true,"href":"https:\/\/lo6.szczecin.pl\/index.php\/wp-json\/wp\/v2\/comments?post=11271"}],"version-history":[{"count":1,"href":"https:\/\/lo6.szczecin.pl\/index.php\/wp-json\/wp\/v2\/posts\/11271\/revisions"}],"predecessor-version":[{"id":11273,"href":"https:\/\/lo6.szczecin.pl\/index.php\/wp-json\/wp\/v2\/posts\/11271\/revisions\/11273"}],"wp:featuredmedia":[{"embeddable":true,"href":"https:\/\/lo6.szczecin.pl\/index.php\/wp-json\/wp\/v2\/media\/11272"}],"wp:attachment":[{"href":"https:\/\/lo6.szczecin.pl\/index.php\/wp-json\/wp\/v2\/media?parent=11271"}],"wp:term":[{"taxonomy":"category","embeddable":true,"href":"https:\/\/lo6.szczecin.pl\/index.php\/wp-json\/wp\/v2\/categories?post=11271"},{"taxonomy":"post_tag","embeddable":true,"href":"https:\/\/lo6.szczecin.pl\/index.php\/wp-json\/wp\/v2\/tags?post=11271"}],"curies":[{"name":"wp","href":"https:\/\/api.w.org\/{rel}","templated":true}]}}