{"id":11243,"date":"2022-11-30T08:04:22","date_gmt":"2022-11-30T07:04:22","guid":{"rendered":"https:\/\/lo6.szczecin.pl\/?p=11243"},"modified":"2022-12-06T08:06:57","modified_gmt":"2022-12-06T07:06:57","slug":"tworcze-zabawy-na-jezyku-polskim","status":"publish","type":"post","link":"https:\/\/lo6.szczecin.pl\/index.php\/2022\/11\/30\/tworcze-zabawy-na-jezyku-polskim\/","title":{"rendered":"Tw\u00f3rcze zabawy na j\u0119zyku polskim"},"content":{"rendered":"<div dir=\"auto\" style=\"padding-left: 40px;\">Na lekcjach czasem si\u0119 te\u017c bawimy- oczywi\u015bcie w kontek\u015bcie i dydaktycznie <span class=\"x3nfvp2 x1j61x8r x1fcty0u xdj266r xhhsvwb xat24cr xgzva0m xxymvpz xlup9mm x1kky2od\"><img loading=\"lazy\" decoding=\"async\" src=\"https:\/\/static.xx.fbcdn.net\/images\/emoji.php\/v9\/td8\/1.5\/16\/1f60a.png\" alt=\"?\" width=\"16\" height=\"16\" \/><\/span><\/div>\n<div dir=\"auto\" style=\"padding-left: 40px;\">Oto profil Agamemnona (w mediach spo\u0142eczno\u015bciowych). Autorka-Laura St\u0119pnik z klasy humanistycznej 1b1s.<\/div>\n<div dir=\"auto\"><\/div>\n<div dir=\"auto\" style=\"padding-left: 40px;\">Oraz Ola Ujazda i Nadia Cegielska stworzy\u0142y profil kr\u00f3la Troi -Priama <span class=\"x3nfvp2 x1j61x8r x1fcty0u xdj266r xhhsvwb xat24cr xgzva0m xxymvpz xlup9mm x1kky2od\"><img loading=\"lazy\" decoding=\"async\" src=\"https:\/\/static.xx.fbcdn.net\/images\/emoji.php\/v9\/td8\/1.5\/16\/1f60a.png\" alt=\"?\" width=\"16\" height=\"16\" \/><\/span><\/div>\n","protected":false},"excerpt":{"rendered":"<p>Na lekcjach czasem si\u0119 te\u017c bawimy- oczywi\u015bcie w kontek\u015bcie i dydaktycznie Oto profil Agamemnona (w mediach spo\u0142eczno\u015bciowych). Autorka-Laura St\u0119pnik z klasy humanistycznej 1b1s. Oraz Ola Ujazda i Nadia Cegielska stworzy\u0142y profil kr\u00f3la Troi -Priama<\/p>\n","protected":false},"author":4,"featured_media":11248,"comment_status":"closed","ping_status":"closed","sticky":false,"template":"","format":"gallery","meta":{"_acf_changed":false,"_s2mail":"","footnotes":""},"categories":[1],"tags":[],"class_list":["post-11243","post","type-post","status-publish","format-gallery","has-post-thumbnail","hentry","category-bez-kategorii","post_format-post-format-gallery"],"acf":[],"_links":{"self":[{"href":"https:\/\/lo6.szczecin.pl\/index.php\/wp-json\/wp\/v2\/posts\/11243","targetHints":{"allow":["GET"]}}],"collection":[{"href":"https:\/\/lo6.szczecin.pl\/index.php\/wp-json\/wp\/v2\/posts"}],"about":[{"href":"https:\/\/lo6.szczecin.pl\/index.php\/wp-json\/wp\/v2\/types\/post"}],"author":[{"embeddable":true,"href":"https:\/\/lo6.szczecin.pl\/index.php\/wp-json\/wp\/v2\/users\/4"}],"replies":[{"embeddable":true,"href":"https:\/\/lo6.szczecin.pl\/index.php\/wp-json\/wp\/v2\/comments?post=11243"}],"version-history":[{"count":1,"href":"https:\/\/lo6.szczecin.pl\/index.php\/wp-json\/wp\/v2\/posts\/11243\/revisions"}],"predecessor-version":[{"id":11252,"href":"https:\/\/lo6.szczecin.pl\/index.php\/wp-json\/wp\/v2\/posts\/11243\/revisions\/11252"}],"wp:featuredmedia":[{"embeddable":true,"href":"https:\/\/lo6.szczecin.pl\/index.php\/wp-json\/wp\/v2\/media\/11248"}],"wp:attachment":[{"href":"https:\/\/lo6.szczecin.pl\/index.php\/wp-json\/wp\/v2\/media?parent=11243"}],"wp:term":[{"taxonomy":"category","embeddable":true,"href":"https:\/\/lo6.szczecin.pl\/index.php\/wp-json\/wp\/v2\/categories?post=11243"},{"taxonomy":"post_tag","embeddable":true,"href":"https:\/\/lo6.szczecin.pl\/index.php\/wp-json\/wp\/v2\/tags?post=11243"}],"curies":[{"name":"wp","href":"https:\/\/api.w.org\/{rel}","templated":true}]}}