{"id":11221,"date":"2022-12-05T07:47:30","date_gmt":"2022-12-05T06:47:30","guid":{"rendered":"https:\/\/lo6.szczecin.pl\/?p=11221"},"modified":"2022-12-06T07:51:52","modified_gmt":"2022-12-06T06:51:52","slug":"xu2022","status":"publish","type":"post","link":"https:\/\/lo6.szczecin.pl\/index.php\/2022\/12\/05\/xu2022\/","title":{"rendered":"#xu2022"},"content":{"rendered":"<div style=\"padding-left: 40px;\">#xu2022<\/div>\n<div style=\"padding-left: 40px;\"><\/div>\n<div style=\"padding-left: 40px;\">W ci\u0105gu ostatnich 3 dni nasi przedstawiciele samorz\u0105du &#8211; Julia Bykowska, Bartosz Bartman-Jarzembek, Donata Kucharska i Eryk Sawera &#8211; wzi\u0119li udzia\u0142 w tegorocznej, 7. edycji XU zorganizowanej przez V LO w Szczecinie!<\/div>\n<div style=\"padding-left: 40px;\"><\/div>\n<div style=\"padding-left: 40px;\">I-Interdyscyplinarna<\/div>\n<div style=\"padding-left: 40px;\">K-Konferencja<\/div>\n<div style=\"padding-left: 40px;\">S-Samorz\u0105d\u00f3w<\/div>\n<div style=\"padding-left: 40px;\">U-Uczniowskich<\/div>\n<div style=\"padding-left: 40px;\"><\/div>\n<div style=\"padding-left: 40px;\">Brali\u015bmy r\u00f3wnie\u017c udzia\u0142 w warsztatach tj. <em>Media spo\u0142eczno\u015bciowe a prawo,<\/em> P<em>erswazja i manipulacja, PR, Amerykanin w Polsce, chaos w social mediach.\u00a0<\/em><\/div>\n<div style=\"padding-left: 40px;\"><\/div>\n<div style=\"padding-left: 40px;\">NASZE TEAMY:<\/div>\n<div style=\"padding-left: 40px;\">#TeamMarchewka &#8211; Julia Bykowska<\/div>\n<div style=\"padding-left: 40px;\">#TeamDerebecki &#8211; Bartosz Bartman-Jarzembek<\/div>\n<div style=\"padding-left: 40px;\">#TeamTymul &#8211; Donata Kucharska<\/div>\n<div style=\"padding-left: 40px;\">#TeamSawera &#8211; Eryk Sawera (lider)<\/div>\n<div style=\"padding-left: 40px;\"><\/div>\n<div style=\"padding-left: 40px;\">Dzi\u0119kujemy V LO w Szczecinie za mo\u017cliwo\u015b\u0107 wzi\u0119cia udzia\u0142u, a przede wszystkim tradycyjnie za kaw\u0119!<\/div>\n<div style=\"padding-left: 40px;\"><\/div>\n<div style=\"padding-left: 40px;\">Gratulujemy #TeamDerebecki wygranej!<\/div>\n<div style=\"padding-left: 40px;\"><\/div>\n<div style=\"padding-left: 40px;\">Widzimy si\u0119 w przysz\u0142ym roku!!!<\/div>\n<div style=\"padding-left: 40px;\"><\/div>\n","protected":false},"excerpt":{"rendered":"<p>#xu2022 W ci\u0105gu ostatnich 3 dni nasi przedstawiciele samorz\u0105du &#8211; Julia Bykowska, Bartosz Bartman-Jarzembek, Donata Kucharska i Eryk Sawera &#8211; wzi\u0119li udzia\u0142 w tegorocznej, 7. edycji XU zorganizowanej przez V LO w Szczecinie! I-Interdyscyplinarna K-Konferencja S-Samorz\u0105d\u00f3w U-Uczniowskich Brali\u015bmy r\u00f3wnie\u017c udzia\u0142 w warsztatach tj. Media spo\u0142eczno\u015bciowe a prawo, Perswazja i manipulacja, PR, Amerykanin w Polsce, chaos&#8230;<\/p>\n","protected":false},"author":4,"featured_media":11228,"comment_status":"closed","ping_status":"closed","sticky":false,"template":"","format":"gallery","meta":{"_acf_changed":false,"_s2mail":"","footnotes":""},"categories":[1],"tags":[],"class_list":["post-11221","post","type-post","status-publish","format-gallery","has-post-thumbnail","hentry","category-bez-kategorii","post_format-post-format-gallery"],"acf":[],"_links":{"self":[{"href":"https:\/\/lo6.szczecin.pl\/index.php\/wp-json\/wp\/v2\/posts\/11221","targetHints":{"allow":["GET"]}}],"collection":[{"href":"https:\/\/lo6.szczecin.pl\/index.php\/wp-json\/wp\/v2\/posts"}],"about":[{"href":"https:\/\/lo6.szczecin.pl\/index.php\/wp-json\/wp\/v2\/types\/post"}],"author":[{"embeddable":true,"href":"https:\/\/lo6.szczecin.pl\/index.php\/wp-json\/wp\/v2\/users\/4"}],"replies":[{"embeddable":true,"href":"https:\/\/lo6.szczecin.pl\/index.php\/wp-json\/wp\/v2\/comments?post=11221"}],"version-history":[{"count":3,"href":"https:\/\/lo6.szczecin.pl\/index.php\/wp-json\/wp\/v2\/posts\/11221\/revisions"}],"predecessor-version":[{"id":11234,"href":"https:\/\/lo6.szczecin.pl\/index.php\/wp-json\/wp\/v2\/posts\/11221\/revisions\/11234"}],"wp:featuredmedia":[{"embeddable":true,"href":"https:\/\/lo6.szczecin.pl\/index.php\/wp-json\/wp\/v2\/media\/11228"}],"wp:attachment":[{"href":"https:\/\/lo6.szczecin.pl\/index.php\/wp-json\/wp\/v2\/media?parent=11221"}],"wp:term":[{"taxonomy":"category","embeddable":true,"href":"https:\/\/lo6.szczecin.pl\/index.php\/wp-json\/wp\/v2\/categories?post=11221"},{"taxonomy":"post_tag","embeddable":true,"href":"https:\/\/lo6.szczecin.pl\/index.php\/wp-json\/wp\/v2\/tags?post=11221"}],"curies":[{"name":"wp","href":"https:\/\/api.w.org\/{rel}","templated":true}]}}