{"id":11207,"date":"2022-12-02T08:40:08","date_gmt":"2022-12-02T07:40:08","guid":{"rendered":"https:\/\/lo6.szczecin.pl\/?p=11207"},"modified":"2022-12-02T08:40:17","modified_gmt":"2022-12-02T07:40:17","slug":"szkolny-festiwal-explory","status":"publish","type":"post","link":"https:\/\/lo6.szczecin.pl\/index.php\/2022\/12\/02\/szkolny-festiwal-explory\/","title":{"rendered":"SZKOLNY FESTIWAL EXPLORY"},"content":{"rendered":"<div class=\"\" data-block=\"true\" data-editor=\"asqpr\" data-offset-key=\"5463b-0-0\">\n<div class=\"_1mf _1mj\" style=\"padding-left: 40px;\" data-offset-key=\"5463b-0-0\"><span data-offset-key=\"5463b-0-0\">Nasza <\/span><span data-offset-key=\"5463b-1-0\">uczennica<\/span><span data-offset-key=\"5463b-2-0\"> Maria Or\u0142owska z klasy 4a z sukcesami na SZKOLNYM FESTIWALU EXPLORY w Szczecinie.<\/span><\/div>\n<\/div>\n<div class=\"\" style=\"padding-left: 40px;\" data-block=\"true\" data-editor=\"asqpr\" data-offset-key=\"9i11l-0-0\">\n<div data-offset-key=\"9i11l-0-0\"><\/div>\n<div class=\"_1mf _1mj\" data-offset-key=\"9i11l-0-0\">Gratulujemy i trzymam kciuki za kolejne osi\u0105gni\u0119cia!<\/div>\n<\/div>\n<div class=\"\" style=\"padding-left: 40px;\" data-block=\"true\" data-editor=\"asqpr\" data-offset-key=\"3ub1p-0-0\">\n<div class=\"_1mf _1mj\" style=\"padding-left: 40px;\" data-offset-key=\"3ub1p-0-0\"><span data-offset-key=\"3ub1p-0-0\">\u00a0<\/span><\/div>\n<\/div>\n<div class=\"\" style=\"padding-left: 40px;\" data-block=\"true\" data-editor=\"asqpr\" data-offset-key=\"80ksh-0-0\">\n<div class=\"_1mf _1mj\" data-offset-key=\"80ksh-0-0\"><span data-offset-key=\"80ksh-0-0\">Szczeg\u00f3\u0142owe informacje na stronie konkursu:<\/span><\/div>\n<\/div>\n<div class=\"\" style=\"padding-left: 40px;\" data-block=\"true\" data-editor=\"asqpr\" data-offset-key=\"a9ien-0-0\">\n<div class=\"_1mf _1mj\" style=\"padding-left: 40px;\" data-offset-key=\"a9ien-0-0\"><span class=\"x1fey0fg\"><span data-offset-key=\"a9ien-0-0\">https:\/\/www.explory.pl\/wydarzenia\/2022\/szkolny-festiwal-explory-w-szczecinie,184<\/span><\/span><\/div>\n<\/div>\n<div class=\"\" style=\"padding-left: 40px;\" data-block=\"true\" data-editor=\"asqpr\" data-offset-key=\"p57h-0-0\"><\/div>\n","protected":false},"excerpt":{"rendered":"<p>Nasza uczennica Maria Or\u0142owska z klasy 4a z sukcesami na SZKOLNYM FESTIWALU EXPLORY w Szczecinie. Gratulujemy i trzymam kciuki za kolejne osi\u0105gni\u0119cia! \u00a0 Szczeg\u00f3\u0142owe informacje na stronie konkursu: https:\/\/www.explory.pl\/wydarzenia\/2022\/szkolny-festiwal-explory-w-szczecinie,184<\/p>\n","protected":false},"author":4,"featured_media":11210,"comment_status":"closed","ping_status":"closed","sticky":false,"template":"","format":"gallery","meta":{"_acf_changed":false,"_s2mail":"","footnotes":""},"categories":[1],"tags":[],"class_list":["post-11207","post","type-post","status-publish","format-gallery","has-post-thumbnail","hentry","category-bez-kategorii","post_format-post-format-gallery"],"acf":[],"_links":{"self":[{"href":"https:\/\/lo6.szczecin.pl\/index.php\/wp-json\/wp\/v2\/posts\/11207","targetHints":{"allow":["GET"]}}],"collection":[{"href":"https:\/\/lo6.szczecin.pl\/index.php\/wp-json\/wp\/v2\/posts"}],"about":[{"href":"https:\/\/lo6.szczecin.pl\/index.php\/wp-json\/wp\/v2\/types\/post"}],"author":[{"embeddable":true,"href":"https:\/\/lo6.szczecin.pl\/index.php\/wp-json\/wp\/v2\/users\/4"}],"replies":[{"embeddable":true,"href":"https:\/\/lo6.szczecin.pl\/index.php\/wp-json\/wp\/v2\/comments?post=11207"}],"version-history":[{"count":2,"href":"https:\/\/lo6.szczecin.pl\/index.php\/wp-json\/wp\/v2\/posts\/11207\/revisions"}],"predecessor-version":[{"id":11216,"href":"https:\/\/lo6.szczecin.pl\/index.php\/wp-json\/wp\/v2\/posts\/11207\/revisions\/11216"}],"wp:featuredmedia":[{"embeddable":true,"href":"https:\/\/lo6.szczecin.pl\/index.php\/wp-json\/wp\/v2\/media\/11210"}],"wp:attachment":[{"href":"https:\/\/lo6.szczecin.pl\/index.php\/wp-json\/wp\/v2\/media?parent=11207"}],"wp:term":[{"taxonomy":"category","embeddable":true,"href":"https:\/\/lo6.szczecin.pl\/index.php\/wp-json\/wp\/v2\/categories?post=11207"},{"taxonomy":"post_tag","embeddable":true,"href":"https:\/\/lo6.szczecin.pl\/index.php\/wp-json\/wp\/v2\/tags?post=11207"}],"curies":[{"name":"wp","href":"https:\/\/api.w.org\/{rel}","templated":true}]}}