{"id":11182,"date":"2022-11-24T11:43:16","date_gmt":"2022-11-24T10:43:16","guid":{"rendered":"https:\/\/lo6.szczecin.pl\/?p=11182"},"modified":"2022-12-01T11:45:28","modified_gmt":"2022-12-01T10:45:28","slug":"olimpiada-historyczna","status":"publish","type":"post","link":"https:\/\/lo6.szczecin.pl\/index.php\/2022\/11\/24\/olimpiada-historyczna\/","title":{"rendered":"Olimpiada Historyczna"},"content":{"rendered":"<p style=\"padding-left: 40px;\">Na etapie okr\u0119gowym Olimpiady Historycznej Nasz\u0105 Szko\u0142\u0119 b\u0119d\u0105 reprezentowali uczniowie klasy 4a: Piotr Brzeski i Konrad Szczepa\u0144ski.<\/p>\n<p style=\"padding-left: 40px;\">Trzymamy kciuki!<\/p>\n","protected":false},"excerpt":{"rendered":"<p>Na etapie okr\u0119gowym Olimpiady Historycznej Nasz\u0105 Szko\u0142\u0119 b\u0119d\u0105 reprezentowali uczniowie klasy 4a: Piotr Brzeski i Konrad Szczepa\u0144ski. Trzymamy kciuki!<\/p>\n","protected":false},"author":4,"featured_media":11183,"comment_status":"closed","ping_status":"closed","sticky":false,"template":"","format":"gallery","meta":{"_acf_changed":false,"_s2mail":"","footnotes":""},"categories":[365],"tags":[],"class_list":["post-11182","post","type-post","status-publish","format-gallery","has-post-thumbnail","hentry","category-galeria","post_format-post-format-gallery"],"acf":[],"_links":{"self":[{"href":"https:\/\/lo6.szczecin.pl\/index.php\/wp-json\/wp\/v2\/posts\/11182","targetHints":{"allow":["GET"]}}],"collection":[{"href":"https:\/\/lo6.szczecin.pl\/index.php\/wp-json\/wp\/v2\/posts"}],"about":[{"href":"https:\/\/lo6.szczecin.pl\/index.php\/wp-json\/wp\/v2\/types\/post"}],"author":[{"embeddable":true,"href":"https:\/\/lo6.szczecin.pl\/index.php\/wp-json\/wp\/v2\/users\/4"}],"replies":[{"embeddable":true,"href":"https:\/\/lo6.szczecin.pl\/index.php\/wp-json\/wp\/v2\/comments?post=11182"}],"version-history":[{"count":1,"href":"https:\/\/lo6.szczecin.pl\/index.php\/wp-json\/wp\/v2\/posts\/11182\/revisions"}],"predecessor-version":[{"id":11184,"href":"https:\/\/lo6.szczecin.pl\/index.php\/wp-json\/wp\/v2\/posts\/11182\/revisions\/11184"}],"wp:featuredmedia":[{"embeddable":true,"href":"https:\/\/lo6.szczecin.pl\/index.php\/wp-json\/wp\/v2\/media\/11183"}],"wp:attachment":[{"href":"https:\/\/lo6.szczecin.pl\/index.php\/wp-json\/wp\/v2\/media?parent=11182"}],"wp:term":[{"taxonomy":"category","embeddable":true,"href":"https:\/\/lo6.szczecin.pl\/index.php\/wp-json\/wp\/v2\/categories?post=11182"},{"taxonomy":"post_tag","embeddable":true,"href":"https:\/\/lo6.szczecin.pl\/index.php\/wp-json\/wp\/v2\/tags?post=11182"}],"curies":[{"name":"wp","href":"https:\/\/api.w.org\/{rel}","templated":true}]}}