{"id":11166,"date":"2022-11-29T08:07:11","date_gmt":"2022-11-29T07:07:11","guid":{"rendered":"https:\/\/lo6.szczecin.pl\/?p=11166"},"modified":"2022-11-29T08:07:11","modified_gmt":"2022-11-29T07:07:11","slug":"olimpiada-wiedzy-o-prawie","status":"publish","type":"post","link":"https:\/\/lo6.szczecin.pl\/index.php\/2022\/11\/29\/olimpiada-wiedzy-o-prawie\/","title":{"rendered":"Olimpiada Wiedzy o Prawie"},"content":{"rendered":"<div class=\"x11i5rnm xat24cr x1mh8g0r x1vvkbs xdj266r x126k92a\">\n<div dir=\"auto\" style=\"padding-left: 40px;\">Na etapie okr\u0119gowym Olimpiady Wiedzy o Prawie Nasze Liceum reprezentowa\u0107 b\u0119dzie Mateusz Lewicki z klasy 3A.<\/div>\n<\/div>\n<div class=\"x11i5rnm xat24cr x1mh8g0r x1vvkbs xtlvy1s x126k92a\" style=\"padding-left: 40px;\">\n<div dir=\"auto\" style=\"padding-left: 40px;\"><a class=\"x1i10hfl xjbqb8w x6umtig x1b1mbwd xaqea5y xav7gou x9f619 x1ypdohk xt0psk2 xe8uvvx xdj266r x11i5rnm xat24cr x1mh8g0r xexx8yu x4uap5 x18d9i69 xkhd6sd x16tdsg8 x1hl2dhg xggy1nq x1a2a7pz xt0b8zv x1fey0fg\" tabindex=\"0\" role=\"link\" href=\"https:\/\/www.olimpiadaprawa.pl\/?fbclid=IwAR2521Fa4iujl3R6YwPya3ngsWINP48MZ1g9jq_6rVWisYmqLCK4XIxcgGw\" target=\"_blank\" rel=\"nofollow noopener\">https:\/\/www.olimpiadaprawa.pl\/<\/a><\/div>\n<\/div>\n<div class=\"x11i5rnm xat24cr x1mh8g0r x1vvkbs xtlvy1s x126k92a\" style=\"padding-left: 40px;\">\n<div dir=\"auto\" style=\"padding-left: 40px;\"><\/div>\n<div dir=\"auto\" style=\"padding-left: 40px;\">Trzymamy kciuki <span class=\"x3nfvp2 x1j61x8r x1fcty0u xdj266r xhhsvwb xat24cr xgzva0m xxymvpz xlup9mm x1kky2od\"><img loading=\"lazy\" decoding=\"async\" src=\"https:\/\/static.xx.fbcdn.net\/images\/emoji.php\/v9\/te6\/1.5\/16\/270a.png\" alt=\"?\" width=\"16\" height=\"16\" \/><\/span><\/div>\n<\/div>\n","protected":false},"excerpt":{"rendered":"<p>Na etapie okr\u0119gowym Olimpiady Wiedzy o Prawie Nasze Liceum reprezentowa\u0107 b\u0119dzie Mateusz Lewicki z klasy 3A. https:\/\/www.olimpiadaprawa.pl\/ Trzymamy kciuki<\/p>\n","protected":false},"author":4,"featured_media":11167,"comment_status":"closed","ping_status":"closed","sticky":false,"template":"","format":"gallery","meta":{"_acf_changed":false,"_s2mail":"","footnotes":""},"categories":[1],"tags":[],"class_list":["post-11166","post","type-post","status-publish","format-gallery","has-post-thumbnail","hentry","category-bez-kategorii","post_format-post-format-gallery"],"acf":[],"_links":{"self":[{"href":"https:\/\/lo6.szczecin.pl\/index.php\/wp-json\/wp\/v2\/posts\/11166","targetHints":{"allow":["GET"]}}],"collection":[{"href":"https:\/\/lo6.szczecin.pl\/index.php\/wp-json\/wp\/v2\/posts"}],"about":[{"href":"https:\/\/lo6.szczecin.pl\/index.php\/wp-json\/wp\/v2\/types\/post"}],"author":[{"embeddable":true,"href":"https:\/\/lo6.szczecin.pl\/index.php\/wp-json\/wp\/v2\/users\/4"}],"replies":[{"embeddable":true,"href":"https:\/\/lo6.szczecin.pl\/index.php\/wp-json\/wp\/v2\/comments?post=11166"}],"version-history":[{"count":1,"href":"https:\/\/lo6.szczecin.pl\/index.php\/wp-json\/wp\/v2\/posts\/11166\/revisions"}],"predecessor-version":[{"id":11168,"href":"https:\/\/lo6.szczecin.pl\/index.php\/wp-json\/wp\/v2\/posts\/11166\/revisions\/11168"}],"wp:featuredmedia":[{"embeddable":true,"href":"https:\/\/lo6.szczecin.pl\/index.php\/wp-json\/wp\/v2\/media\/11167"}],"wp:attachment":[{"href":"https:\/\/lo6.szczecin.pl\/index.php\/wp-json\/wp\/v2\/media?parent=11166"}],"wp:term":[{"taxonomy":"category","embeddable":true,"href":"https:\/\/lo6.szczecin.pl\/index.php\/wp-json\/wp\/v2\/categories?post=11166"},{"taxonomy":"post_tag","embeddable":true,"href":"https:\/\/lo6.szczecin.pl\/index.php\/wp-json\/wp\/v2\/tags?post=11166"}],"curies":[{"name":"wp","href":"https:\/\/api.w.org\/{rel}","templated":true}]}}