{"id":11157,"date":"2022-11-28T11:46:08","date_gmt":"2022-11-28T10:46:08","guid":{"rendered":"https:\/\/lo6.szczecin.pl\/?p=11157"},"modified":"2022-11-29T08:10:38","modified_gmt":"2022-11-29T07:10:38","slug":"olimpiada-lingwistyki-matematycznej","status":"publish","type":"post","link":"https:\/\/lo6.szczecin.pl\/index.php\/2022\/11\/28\/olimpiada-lingwistyki-matematycznej\/","title":{"rendered":"Olimpiada Lingwistyki Matematycznej"},"content":{"rendered":"<div class=\"container-message-content\" style=\"padding-left: 40px;\">Z rado\u015bci\u0105 informujemy, \u017ce Alicja Ma\u0142aszczycka, uczennica klasy II A uzyska\u0142a awans do etapu okr\u0119gowego XXI Olimpiady Lingwistyki Matematycznej. Zawody okr\u0119gowe odb\u0119d\u0105 si\u0119 14 stycznia 2023 roku.<\/div>\n<div class=\"container-message-content\" style=\"padding-left: 40px;\">Trzymamy kciuki za dalsze sukcesy.<\/div>\n","protected":false},"excerpt":{"rendered":"<p>Z rado\u015bci\u0105 informujemy, \u017ce Alicja Ma\u0142aszczycka, uczennica klasy II A uzyska\u0142a awans do etapu okr\u0119gowego XXI Olimpiady Lingwistyki Matematycznej. Zawody okr\u0119gowe odb\u0119d\u0105 si\u0119 14 stycznia 2023 roku. Trzymamy kciuki za dalsze sukcesy.<\/p>\n","protected":false},"author":4,"featured_media":11162,"comment_status":"closed","ping_status":"closed","sticky":false,"template":"","format":"gallery","meta":{"_acf_changed":false,"_s2mail":"","footnotes":""},"categories":[1],"tags":[],"class_list":["post-11157","post","type-post","status-publish","format-gallery","has-post-thumbnail","hentry","category-bez-kategorii","post_format-post-format-gallery"],"acf":[],"_links":{"self":[{"href":"https:\/\/lo6.szczecin.pl\/index.php\/wp-json\/wp\/v2\/posts\/11157","targetHints":{"allow":["GET"]}}],"collection":[{"href":"https:\/\/lo6.szczecin.pl\/index.php\/wp-json\/wp\/v2\/posts"}],"about":[{"href":"https:\/\/lo6.szczecin.pl\/index.php\/wp-json\/wp\/v2\/types\/post"}],"author":[{"embeddable":true,"href":"https:\/\/lo6.szczecin.pl\/index.php\/wp-json\/wp\/v2\/users\/4"}],"replies":[{"embeddable":true,"href":"https:\/\/lo6.szczecin.pl\/index.php\/wp-json\/wp\/v2\/comments?post=11157"}],"version-history":[{"count":2,"href":"https:\/\/lo6.szczecin.pl\/index.php\/wp-json\/wp\/v2\/posts\/11157\/revisions"}],"predecessor-version":[{"id":11172,"href":"https:\/\/lo6.szczecin.pl\/index.php\/wp-json\/wp\/v2\/posts\/11157\/revisions\/11172"}],"wp:featuredmedia":[{"embeddable":true,"href":"https:\/\/lo6.szczecin.pl\/index.php\/wp-json\/wp\/v2\/media\/11162"}],"wp:attachment":[{"href":"https:\/\/lo6.szczecin.pl\/index.php\/wp-json\/wp\/v2\/media?parent=11157"}],"wp:term":[{"taxonomy":"category","embeddable":true,"href":"https:\/\/lo6.szczecin.pl\/index.php\/wp-json\/wp\/v2\/categories?post=11157"},{"taxonomy":"post_tag","embeddable":true,"href":"https:\/\/lo6.szczecin.pl\/index.php\/wp-json\/wp\/v2\/tags?post=11157"}],"curies":[{"name":"wp","href":"https:\/\/api.w.org\/{rel}","templated":true}]}}