{"id":11083,"date":"2022-11-14T08:09:30","date_gmt":"2022-11-14T07:09:30","guid":{"rendered":"https:\/\/lo6.szczecin.pl\/?p=11083"},"modified":"2022-11-14T08:09:48","modified_gmt":"2022-11-14T07:09:48","slug":"erotyczny-pejzaz-polski","status":"publish","type":"post","link":"https:\/\/lo6.szczecin.pl\/index.php\/2022\/11\/14\/erotyczny-pejzaz-polski\/","title":{"rendered":"Erotyczny pejza\u017c Polski"},"content":{"rendered":"<p style=\"padding-left: 40px;\">Serdecznie zapraszamy na wyk\u0142ad otwarty prof. Zbigniewa Izdebskiego pt. ?Erotyczny pejza\u017c Polski?, kt\u00f3ry odb\u0119dzie si\u0119 w pi\u0105tek 18 listopada 2022 r. o godz. 18.00 w auli Rektoratu Pomorskiego Uniwersytetu Medycznego w Szczecinie (ul. Rybacka 1).<\/p>\n<p>Wst\u0119p wolny.<\/p>\n<p>Prof. dr hab. n. hum. Zbigniew Izdebski ? pedagog, seksuolog, doradca rodzinny, specjalista w zakresie zdrowia publicznego. Kierownik Katedry Biomedycznych Podstaw Rozwoju i Seksuologii Wydzia\u0142u Pedagogicznego Uniwersytetu Warszawskiego. Przewodnicz\u0105cy Rady Naukowej Dyscypliny Pedagogika na UW. Koordynator i przewodnicz\u0105cy zespo\u0142u ds. opracowania program\u00f3w studi\u00f3w na kierunku lekarskim Uniwersytetu Warszawskiego oraz koordynator zespo\u0142u ds. infrastruktury medycznej. Kierownik Katedry Humanizacji Medycyny i Seksuologii, Collegium Medicum Uniwersytetu Zielonog\u00f3rskiego.<\/p>\n","protected":false},"excerpt":{"rendered":"<p>Serdecznie zapraszamy na wyk\u0142ad otwarty prof. Zbigniewa Izdebskiego pt. ?Erotyczny pejza\u017c Polski?, kt\u00f3ry odb\u0119dzie si\u0119 w pi\u0105tek 18 listopada 2022 r. o godz. 18.00 w auli Rektoratu Pomorskiego Uniwersytetu Medycznego w Szczecinie (ul. Rybacka 1). Wst\u0119p wolny. Prof. dr hab. n. hum. Zbigniew Izdebski ? pedagog, seksuolog, doradca rodzinny, specjalista w zakresie zdrowia publicznego. Kierownik&#8230;<\/p>\n","protected":false},"author":4,"featured_media":5992,"comment_status":"closed","ping_status":"closed","sticky":false,"template":"","format":"gallery","meta":{"_acf_changed":false,"_s2mail":"","footnotes":""},"categories":[1],"tags":[],"class_list":["post-11083","post","type-post","status-publish","format-gallery","has-post-thumbnail","hentry","category-bez-kategorii","post_format-post-format-gallery"],"acf":[],"_links":{"self":[{"href":"https:\/\/lo6.szczecin.pl\/index.php\/wp-json\/wp\/v2\/posts\/11083","targetHints":{"allow":["GET"]}}],"collection":[{"href":"https:\/\/lo6.szczecin.pl\/index.php\/wp-json\/wp\/v2\/posts"}],"about":[{"href":"https:\/\/lo6.szczecin.pl\/index.php\/wp-json\/wp\/v2\/types\/post"}],"author":[{"embeddable":true,"href":"https:\/\/lo6.szczecin.pl\/index.php\/wp-json\/wp\/v2\/users\/4"}],"replies":[{"embeddable":true,"href":"https:\/\/lo6.szczecin.pl\/index.php\/wp-json\/wp\/v2\/comments?post=11083"}],"version-history":[{"count":2,"href":"https:\/\/lo6.szczecin.pl\/index.php\/wp-json\/wp\/v2\/posts\/11083\/revisions"}],"predecessor-version":[{"id":11086,"href":"https:\/\/lo6.szczecin.pl\/index.php\/wp-json\/wp\/v2\/posts\/11083\/revisions\/11086"}],"wp:featuredmedia":[{"embeddable":true,"href":"https:\/\/lo6.szczecin.pl\/index.php\/wp-json\/wp\/v2\/media\/5992"}],"wp:attachment":[{"href":"https:\/\/lo6.szczecin.pl\/index.php\/wp-json\/wp\/v2\/media?parent=11083"}],"wp:term":[{"taxonomy":"category","embeddable":true,"href":"https:\/\/lo6.szczecin.pl\/index.php\/wp-json\/wp\/v2\/categories?post=11083"},{"taxonomy":"post_tag","embeddable":true,"href":"https:\/\/lo6.szczecin.pl\/index.php\/wp-json\/wp\/v2\/tags?post=11083"}],"curies":[{"name":"wp","href":"https:\/\/api.w.org\/{rel}","templated":true}]}}