{"id":11060,"date":"2022-10-31T09:14:20","date_gmt":"2022-10-31T08:14:20","guid":{"rendered":"https:\/\/lo6.szczecin.pl\/?p=11060"},"modified":"2022-10-31T10:05:20","modified_gmt":"2022-10-31T09:05:20","slug":"rozpoczynamy-miedzynarodowa-wspolprace","status":"publish","type":"post","link":"https:\/\/lo6.szczecin.pl\/index.php\/2022\/10\/31\/rozpoczynamy-miedzynarodowa-wspolprace\/","title":{"rendered":"Rozpoczynamy mi\u0119dzynarodow\u0105 wsp\u00f3\u0142prac\u0119"},"content":{"rendered":"<div style=\"padding-left: 40px;\" data-canvas-width=\"603.9679999999997\">W listopadzie 2022 roku rozpoczynamy wsp\u00f3\u0142prac\u0119 mi\u0119dzynarodow\u0105 w ramach programu eTwinning. Uczniowie klas 1a1, 1a2 oraz 1b2 wezm\u0105 udzia\u0142 w rocznym projekcie zatytu\u0142owanym &#8220;Press Pl@ay. Gamers4English&#8221;, kt\u00f3rego rezultatem b\u0119dzie wirtualna\u00a0biblioteka gier i quiz\u00f3w pomocnych w nauce j\u0119zyka angielskiego.<\/div>\n<div data-canvas-width=\"603.9679999999997\"><\/div>\n<div style=\"padding-left: 40px;\" data-canvas-width=\"603.9679999999997\">Naszymi krajami\u00a0partnerskimi s\u0105: Bu\u0142garia, W\u0142ochy i Grecja. 26 pa\u017adziernika nasz projekt uzyska\u0142 akceptacj\u0119<\/div>\n<div style=\"padding-left: 40px;\" data-canvas-width=\"603.6799999999996\">Narodowej Agencji Programu Erasmus+, a wraz z ni\u0105 otrzymali\u015bmy dost\u0119p do platformy\u00a0European School Education Platform, na kt\u00f3rej b\u0119dziemy publikowa\u0107 aktualno\u015bci i post\u0119py w\u00a0projekcie.<\/div>\n","protected":false},"excerpt":{"rendered":"<p>W listopadzie 2022 roku rozpoczynamy wsp\u00f3\u0142prac\u0119 mi\u0119dzynarodow\u0105 w ramach programu eTwinning. Uczniowie klas 1a1, 1a2 oraz 1b2 wezm\u0105 udzia\u0142 w rocznym projekcie zatytu\u0142owanym &#8220;Press Pl@ay. Gamers4English&#8221;, kt\u00f3rego rezultatem b\u0119dzie wirtualna\u00a0biblioteka gier i quiz\u00f3w pomocnych w nauce j\u0119zyka angielskiego. Naszymi krajami\u00a0partnerskimi s\u0105: Bu\u0142garia, W\u0142ochy i Grecja. 26 pa\u017adziernika nasz projekt uzyska\u0142 akceptacj\u0119 Narodowej Agencji Programu Erasmus+,&#8230;<\/p>\n","protected":false},"author":4,"featured_media":11061,"comment_status":"closed","ping_status":"closed","sticky":false,"template":"","format":"gallery","meta":{"_acf_changed":false,"_s2mail":"","footnotes":""},"categories":[1],"tags":[],"class_list":["post-11060","post","type-post","status-publish","format-gallery","has-post-thumbnail","hentry","category-bez-kategorii","post_format-post-format-gallery"],"acf":[],"_links":{"self":[{"href":"https:\/\/lo6.szczecin.pl\/index.php\/wp-json\/wp\/v2\/posts\/11060","targetHints":{"allow":["GET"]}}],"collection":[{"href":"https:\/\/lo6.szczecin.pl\/index.php\/wp-json\/wp\/v2\/posts"}],"about":[{"href":"https:\/\/lo6.szczecin.pl\/index.php\/wp-json\/wp\/v2\/types\/post"}],"author":[{"embeddable":true,"href":"https:\/\/lo6.szczecin.pl\/index.php\/wp-json\/wp\/v2\/users\/4"}],"replies":[{"embeddable":true,"href":"https:\/\/lo6.szczecin.pl\/index.php\/wp-json\/wp\/v2\/comments?post=11060"}],"version-history":[{"count":2,"href":"https:\/\/lo6.szczecin.pl\/index.php\/wp-json\/wp\/v2\/posts\/11060\/revisions"}],"predecessor-version":[{"id":11063,"href":"https:\/\/lo6.szczecin.pl\/index.php\/wp-json\/wp\/v2\/posts\/11060\/revisions\/11063"}],"wp:featuredmedia":[{"embeddable":true,"href":"https:\/\/lo6.szczecin.pl\/index.php\/wp-json\/wp\/v2\/media\/11061"}],"wp:attachment":[{"href":"https:\/\/lo6.szczecin.pl\/index.php\/wp-json\/wp\/v2\/media?parent=11060"}],"wp:term":[{"taxonomy":"category","embeddable":true,"href":"https:\/\/lo6.szczecin.pl\/index.php\/wp-json\/wp\/v2\/categories?post=11060"},{"taxonomy":"post_tag","embeddable":true,"href":"https:\/\/lo6.szczecin.pl\/index.php\/wp-json\/wp\/v2\/tags?post=11060"}],"curies":[{"name":"wp","href":"https:\/\/api.w.org\/{rel}","templated":true}]}}