{"id":11026,"date":"2022-10-26T20:24:10","date_gmt":"2022-10-26T18:24:10","guid":{"rendered":"https:\/\/lo6.szczecin.pl\/?p=11026"},"modified":"2022-10-27T07:28:02","modified_gmt":"2022-10-27T05:28:02","slug":"11026","status":"publish","type":"post","link":"https:\/\/lo6.szczecin.pl\/index.php\/2022\/10\/26\/11026\/","title":{"rendered":"Lekcja obywatelska z radnymi miasta Szczecin"},"content":{"rendered":"<div class=\"xdj266r x11i5rnm xat24cr x1mh8g0r x1vvkbs x126k92a\">\n<div dir=\"auto\" style=\"padding-left: 40px;\">Dnia 26.10.2022 uczniowie klas 1a2 oraz 2a odwiedzili szczeci\u0144ski Urz\u0105d Miasta i wzi\u0119li udzia\u0142 w spotkaniu dotycz\u0105cym funkcjonowaniu rady miejskiej.<\/div>\n<\/div>\n<div class=\"x11i5rnm xat24cr x1mh8g0r x1vvkbs xtlvy1s x126k92a\">\n<div dir=\"auto\" style=\"padding-left: 40px;\">Spotkanie prowadzili radni:Patryk Jaskulski oraz \u0141ukasz Kad\u0142ubowski wraz z uczniem klasy 2a Bartoszem Bartman-Jarzembkiem. W trakcie poruszono r\u00f3\u017cnorakie aspekty pe\u0142nienia mandatu radnego, codziennej pracy radnych oraz ich ostatnich dzia\u0142a\u0144 dla miasta.<\/div>\n<\/div>\n<div class=\"x11i5rnm xat24cr x1mh8g0r x1vvkbs xtlvy1s x126k92a\">\n<div dir=\"auto\" style=\"padding-left: 40px;\">W otwartej dyskusji nasi uczniowie pytali o komunikacj\u0119 miejsk\u0105, Szczeci\u0144sk\u0105 Kolej Metropolitaln\u0105, oszcz\u0119dno\u015bci wprowadzone przez miasto oraz tegoroczny bud\u017cet obywatelski.<\/div>\n<div dir=\"auto\" style=\"padding-left: 40px;\">Ponadto uczniowie mogli wzi\u0105\u0107 udzia\u0142 w testowych g\u0142osowaniach, przewa\u017cnie dotycz\u0105cych aktualnych wyzwa\u0144 przed jakimi staje miasto.<\/div>\n<\/div>\n<div class=\"x11i5rnm xat24cr x1mh8g0r x1vvkbs xtlvy1s x126k92a\">\n<div dir=\"auto\" style=\"padding-left: 40px;\">Po dyskusji wykonane zosta\u0142o pami\u0105tkowe zdj\u0119cie; wizyt\u0119 zako\u0144czy\u0142o zwiedzanie Urz\u0119du Stanu Cywilnego.<\/div>\n<div dir=\"auto\"><\/div>\n<\/div>\n<div class=\"x11i5rnm xat24cr x1mh8g0r x1vvkbs xtlvy1s x126k92a\">\n<div dir=\"auto\" style=\"padding-left: 40px;\">Bartosz Bartman- Jarzembek, klasa 2a<\/div>\n<\/div>\n","protected":false},"excerpt":{"rendered":"<p>Dnia 26.10.2022 uczniowie klas 1a2 oraz 2a odwiedzili szczeci\u0144ski Urz\u0105d Miasta i wzi\u0119li udzia\u0142 w spotkaniu dotycz\u0105cym funkcjonowaniu rady miejskiej. Spotkanie prowadzili radni:Patryk Jaskulski oraz \u0141ukasz Kad\u0142ubowski wraz z uczniem klasy 2a Bartoszem Bartman-Jarzembkiem. W trakcie poruszono r\u00f3\u017cnorakie aspekty pe\u0142nienia mandatu radnego, codziennej pracy radnych oraz ich ostatnich dzia\u0142a\u0144 dla miasta. W otwartej dyskusji nasi&#8230;<\/p>\n","protected":false},"author":4,"featured_media":11032,"comment_status":"closed","ping_status":"closed","sticky":false,"template":"","format":"gallery","meta":{"_acf_changed":false,"_s2mail":"","footnotes":""},"categories":[1],"tags":[],"class_list":["post-11026","post","type-post","status-publish","format-gallery","has-post-thumbnail","hentry","category-bez-kategorii","post_format-post-format-gallery"],"acf":[],"_links":{"self":[{"href":"https:\/\/lo6.szczecin.pl\/index.php\/wp-json\/wp\/v2\/posts\/11026","targetHints":{"allow":["GET"]}}],"collection":[{"href":"https:\/\/lo6.szczecin.pl\/index.php\/wp-json\/wp\/v2\/posts"}],"about":[{"href":"https:\/\/lo6.szczecin.pl\/index.php\/wp-json\/wp\/v2\/types\/post"}],"author":[{"embeddable":true,"href":"https:\/\/lo6.szczecin.pl\/index.php\/wp-json\/wp\/v2\/users\/4"}],"replies":[{"embeddable":true,"href":"https:\/\/lo6.szczecin.pl\/index.php\/wp-json\/wp\/v2\/comments?post=11026"}],"version-history":[{"count":3,"href":"https:\/\/lo6.szczecin.pl\/index.php\/wp-json\/wp\/v2\/posts\/11026\/revisions"}],"predecessor-version":[{"id":11040,"href":"https:\/\/lo6.szczecin.pl\/index.php\/wp-json\/wp\/v2\/posts\/11026\/revisions\/11040"}],"wp:featuredmedia":[{"embeddable":true,"href":"https:\/\/lo6.szczecin.pl\/index.php\/wp-json\/wp\/v2\/media\/11032"}],"wp:attachment":[{"href":"https:\/\/lo6.szczecin.pl\/index.php\/wp-json\/wp\/v2\/media?parent=11026"}],"wp:term":[{"taxonomy":"category","embeddable":true,"href":"https:\/\/lo6.szczecin.pl\/index.php\/wp-json\/wp\/v2\/categories?post=11026"},{"taxonomy":"post_tag","embeddable":true,"href":"https:\/\/lo6.szczecin.pl\/index.php\/wp-json\/wp\/v2\/tags?post=11026"}],"curies":[{"name":"wp","href":"https:\/\/api.w.org\/{rel}","templated":true}]}}