{"id":11019,"date":"2022-10-25T12:09:39","date_gmt":"2022-10-25T10:09:39","guid":{"rendered":"https:\/\/lo6.szczecin.pl\/?p=11019"},"modified":"2022-10-25T12:09:39","modified_gmt":"2022-10-25T10:09:39","slug":"wyjscie-do-kina-pionier","status":"publish","type":"post","link":"https:\/\/lo6.szczecin.pl\/index.php\/2022\/10\/25\/wyjscie-do-kina-pionier\/","title":{"rendered":"Wyj\u015bcie do kina Pionier"},"content":{"rendered":"<p style=\"padding-left: 40px;\">Dzisiaj klasy humanistyczne mia\u0142y przyjemno\u015b\u0107 realizowa\u0107 podstaw\u0119 programow\u0105 z j\u0119zyka polskiego w 115 letnim Kinie Pionier.<\/p>\n","protected":false},"excerpt":{"rendered":"<p>Dzisiaj klasy humanistyczne mia\u0142y przyjemno\u015b\u0107 realizowa\u0107 podstaw\u0119 programow\u0105 z j\u0119zyka polskiego w 115 letnim Kinie Pionier.<\/p>\n","protected":false},"author":4,"featured_media":11021,"comment_status":"closed","ping_status":"closed","sticky":false,"template":"","format":"gallery","meta":{"_acf_changed":false,"_s2mail":"","footnotes":""},"categories":[1],"tags":[],"class_list":["post-11019","post","type-post","status-publish","format-gallery","has-post-thumbnail","hentry","category-bez-kategorii","post_format-post-format-gallery"],"acf":[],"_links":{"self":[{"href":"https:\/\/lo6.szczecin.pl\/index.php\/wp-json\/wp\/v2\/posts\/11019","targetHints":{"allow":["GET"]}}],"collection":[{"href":"https:\/\/lo6.szczecin.pl\/index.php\/wp-json\/wp\/v2\/posts"}],"about":[{"href":"https:\/\/lo6.szczecin.pl\/index.php\/wp-json\/wp\/v2\/types\/post"}],"author":[{"embeddable":true,"href":"https:\/\/lo6.szczecin.pl\/index.php\/wp-json\/wp\/v2\/users\/4"}],"replies":[{"embeddable":true,"href":"https:\/\/lo6.szczecin.pl\/index.php\/wp-json\/wp\/v2\/comments?post=11019"}],"version-history":[{"count":1,"href":"https:\/\/lo6.szczecin.pl\/index.php\/wp-json\/wp\/v2\/posts\/11019\/revisions"}],"predecessor-version":[{"id":11024,"href":"https:\/\/lo6.szczecin.pl\/index.php\/wp-json\/wp\/v2\/posts\/11019\/revisions\/11024"}],"wp:featuredmedia":[{"embeddable":true,"href":"https:\/\/lo6.szczecin.pl\/index.php\/wp-json\/wp\/v2\/media\/11021"}],"wp:attachment":[{"href":"https:\/\/lo6.szczecin.pl\/index.php\/wp-json\/wp\/v2\/media?parent=11019"}],"wp:term":[{"taxonomy":"category","embeddable":true,"href":"https:\/\/lo6.szczecin.pl\/index.php\/wp-json\/wp\/v2\/categories?post=11019"},{"taxonomy":"post_tag","embeddable":true,"href":"https:\/\/lo6.szczecin.pl\/index.php\/wp-json\/wp\/v2\/tags?post=11019"}],"curies":[{"name":"wp","href":"https:\/\/api.w.org\/{rel}","templated":true}]}}