{"id":11002,"date":"2022-10-18T08:51:15","date_gmt":"2022-10-18T06:51:15","guid":{"rendered":"https:\/\/lo6.szczecin.pl\/?p=11002"},"modified":"2022-10-24T08:53:21","modified_gmt":"2022-10-24T06:53:21","slug":"event-cpr-day-2022-warsztaty-z-pierwszej-pomocy-przedmedycznej","status":"publish","type":"post","link":"https:\/\/lo6.szczecin.pl\/index.php\/2022\/10\/18\/event-cpr-day-2022-warsztaty-z-pierwszej-pomocy-przedmedycznej\/","title":{"rendered":"Event CPR DAY 2022, Warsztaty z pierwszej pomocy przedmedycznej"},"content":{"rendered":"<p style=\"padding-left: 40px;\">W dniu 17.10.2022 r. uczniowie klas 1b i 2a wzi\u0119li udzia\u0142 w <em>Warsztatach z pierwszej pomocy przedmedycznej Event CPR DAY 2022. <\/em>Podczas zaj\u0119\u0107 warsztatowych nasi uczniowie zg\u0142\u0119biali wiedz\u0119 zar\u00f3wno teoretyczn\u0105 jak i praktyczn\u0105 z zakresu pierwszej pomocy:<\/p>\n<ul>\n<li style=\"list-style-type: none;\">\n<ul>\n<li>Co\u00a0zrobi\u0107 kiedy znajdziemy osob\u0119 nieprzytomn\u0105?<\/li>\n<li>Co\u00a0zrobi\u0107, kiedy poszkodowany nie\u00a0oddycha?<\/li>\n<li>Co\u00a0zrobi\u0107, kiedy poszkodowany oddycha?<\/li>\n<li>Jakie s\u0105 numery alarmowe?<\/li>\n<li>Algorytmy RKO osoby doros\u0142ej, dziecka i\u00a0niemowl\u0119cia.<\/li>\n<li>Co\u00a0to\u00a0jest AED i\u00a0jak go\u00a0u\u017cywa\u0107?<\/li>\n<\/ul>\n<\/li>\n<\/ul>\n","protected":false},"excerpt":{"rendered":"<p>W dniu 17.10.2022 r. uczniowie klas 1b i 2a wzi\u0119li udzia\u0142 w Warsztatach z pierwszej pomocy przedmedycznej Event CPR DAY 2022. Podczas zaj\u0119\u0107 warsztatowych nasi uczniowie zg\u0142\u0119biali wiedz\u0119 zar\u00f3wno teoretyczn\u0105 jak i praktyczn\u0105 z zakresu pierwszej pomocy: Co\u00a0zrobi\u0107 kiedy znajdziemy osob\u0119 nieprzytomn\u0105? Co\u00a0zrobi\u0107, kiedy poszkodowany nie\u00a0oddycha? Co\u00a0zrobi\u0107, kiedy poszkodowany oddycha? Jakie s\u0105 numery alarmowe? Algorytmy&#8230;<\/p>\n","protected":false},"author":4,"featured_media":11013,"comment_status":"closed","ping_status":"closed","sticky":false,"template":"","format":"gallery","meta":{"_acf_changed":false,"_s2mail":"","footnotes":""},"categories":[1],"tags":[],"class_list":["post-11002","post","type-post","status-publish","format-gallery","has-post-thumbnail","hentry","category-bez-kategorii","post_format-post-format-gallery"],"acf":[],"_links":{"self":[{"href":"https:\/\/lo6.szczecin.pl\/index.php\/wp-json\/wp\/v2\/posts\/11002","targetHints":{"allow":["GET"]}}],"collection":[{"href":"https:\/\/lo6.szczecin.pl\/index.php\/wp-json\/wp\/v2\/posts"}],"about":[{"href":"https:\/\/lo6.szczecin.pl\/index.php\/wp-json\/wp\/v2\/types\/post"}],"author":[{"embeddable":true,"href":"https:\/\/lo6.szczecin.pl\/index.php\/wp-json\/wp\/v2\/users\/4"}],"replies":[{"embeddable":true,"href":"https:\/\/lo6.szczecin.pl\/index.php\/wp-json\/wp\/v2\/comments?post=11002"}],"version-history":[{"count":1,"href":"https:\/\/lo6.szczecin.pl\/index.php\/wp-json\/wp\/v2\/posts\/11002\/revisions"}],"predecessor-version":[{"id":11015,"href":"https:\/\/lo6.szczecin.pl\/index.php\/wp-json\/wp\/v2\/posts\/11002\/revisions\/11015"}],"wp:featuredmedia":[{"embeddable":true,"href":"https:\/\/lo6.szczecin.pl\/index.php\/wp-json\/wp\/v2\/media\/11013"}],"wp:attachment":[{"href":"https:\/\/lo6.szczecin.pl\/index.php\/wp-json\/wp\/v2\/media?parent=11002"}],"wp:term":[{"taxonomy":"category","embeddable":true,"href":"https:\/\/lo6.szczecin.pl\/index.php\/wp-json\/wp\/v2\/categories?post=11002"},{"taxonomy":"post_tag","embeddable":true,"href":"https:\/\/lo6.szczecin.pl\/index.php\/wp-json\/wp\/v2\/tags?post=11002"}],"curies":[{"name":"wp","href":"https:\/\/api.w.org\/{rel}","templated":true}]}}