{"id":10981,"date":"2022-10-18T08:53:14","date_gmt":"2022-10-18T06:53:14","guid":{"rendered":"https:\/\/lo6.szczecin.pl\/?p=10981"},"modified":"2022-10-18T09:00:57","modified_gmt":"2022-10-18T07:00:57","slug":"historia-w-trasie","status":"publish","type":"post","link":"https:\/\/lo6.szczecin.pl\/index.php\/2022\/10\/18\/historia-w-trasie\/","title":{"rendered":"Historia w trasie"},"content":{"rendered":"<div class=\"m-b-1\" style=\"padding-left: 40px;\">Uczniowie naszej szko\u0142y od niedzieli 16.10.2022 r. przez najbli\u017cszy tydzie\u0144, bior\u0105 udzia\u0142 w projekcie <strong><em>Historia w trasie. Oksfordzkie Podlasie i Mazowsze.<\/em><\/strong><\/div>\n<div style=\"padding-left: 40px;\"><\/div>\n<div style=\"padding-left: 40px;\">Informacje o projekcie ze strony <a href=\"https:\/\/www.ostrowmaz24.pl\/art\/41760\/debata-oksfordzka-w-ramach-projektu-historia-w-trasie-oksfordzkie-podlasie-i-mazowsze\">Ostrowmaz24.pl:<\/a><\/div>\n<div class=\"m-b-1\" style=\"padding-left: 80px;\">W tym nowoczesnym projekcie dla uczni\u00f3w szk\u00f3\u0142 ponadpodstawowych bior\u0105 udzia\u0142 reprezentacje o\u015bmiu szk\u00f3\u0142 ponadpodstawowych z ca\u0142ej Polski: II LO im. K. I. Ga\u0142czy\u0144skiego w Olsztynie, VII LO im. J. Wybickiego w Gda\u0144sku, LO im. Miko\u0142aja Kopernika w Ostrowi Mazowieckiej, I LO im. M. Sk\u0142odowskiej-Curie w Ostrzeszowie, VI LO im. S. Czarnieckiego w Szczecinie, ZS 2 im. Ksi\u0119cia P. K. Sanguszki w Lubartowie, ZS St. Staszica w Pile, ZSTiO nr 2 w Katowicach.<\/div>\n<div style=\"padding-left: 40px;\">\n<p style=\"padding-left: 40px;\">Przez pi\u0119\u0107 dni odwiedz\u0105 pi\u0119\u0107 miast, pi\u0119\u0107 instytucji kultury i zadebatuj\u0105 w formule debaty oksfordzkiej na tematy zwi\u0105zane z histori\u0105 danego regionu doskonal\u0105c sw\u00f3j warsztat w zakresie sztuki wyst\u0105pie\u0144 publicznych, argumentacji i kontrargumentacji. Muzeum Dom Rodziny Pileckich w Ostrowi Mazowieckiej b\u0119dzie gospodarzem pierwszego dnia projektu, podczas kt\u00f3rego uczestnicy b\u0119d\u0105 mieli okazj\u0119 pozna\u0107 histori\u0119 Witolda i Marii Pileckich, ale te\u017c histori\u0119 mi\u0119dzywojennej Ostrowi, miasta garnizonowego, miasta dorastaj\u0105cej Marii Ostrowskiej.<\/p>\n<p style=\"padding-left: 40px;\">W kolejnych dniach uczestnicy odwiedz\u0105 Muzeum \u017bo\u0142nierzy Wykl\u0119tych w Ostro\u0142\u0119ce, Centrum Kultury i Rekreacji w Supra\u015blu, Oddzia\u0142 Instytutu Pileckiego w Augustowie oraz Muzeum Podlaskie w Bia\u0142ymstoku. W ka\u017cdym z tych miast odb\u0119dzie si\u0119 debata otwarta dla publiczno\u015bci, w szczeg\u00f3lno\u015bci uczni\u00f3w i nauczycieli z lokalnych szk\u00f3\u0142, kt\u00f3re b\u0119dzie jednocze\u015bnie prezentacj\u0105 debaty oksfordzkiej jako bardzo warto\u015bciowego narz\u0119dzia wykorzystywanego w edukacji historycznej.<\/p>\n<p style=\"padding-left: 40px;\">Debata oksfordzka jest ustrukturalizowan\u0105 form\u0105 dyskusji, w kt\u00f3rej bior\u0105 udzia\u0142 dwie czteroosobowe dru\u017cyny. Zadaniem jednej z nich jest obrona postawionej tezy, natomiast drugiej &#8211; zaprzeczenie tej tezie. O stronie, po kt\u00f3rej znajdzie si\u0119 dru\u017cyna, decyduje losowanie 15 minut przed rozpocz\u0119ciem debaty. Projekt &#8220;Historia w trasie. Oksfordzkie Podlasie i Mazowsze&#8221; dofinansowano ze \u015brodk\u00f3w Muzeum Historii Polski w Warszawie w ramach programu &#8220;Patriotyzm Jutra&#8221;.<\/p>\n<\/div>\n<div class=\"m-b-1\" style=\"padding-left: 40px;\">\u017byczymy wspania\u0142ej nauki poprzez \u015bwietn\u0105 zabaw\u0119 i zdobywania nowych do\u015bwiadcze\u0144 oraz znajomo\u015bci.<\/div>\n","protected":false},"excerpt":{"rendered":"<p>Uczniowie naszej szko\u0142y od niedzieli 16.10.2022 r. przez najbli\u017cszy tydzie\u0144, bior\u0105 udzia\u0142 w projekcie Historia w trasie. Oksfordzkie Podlasie i Mazowsze. Informacje o projekcie ze strony Ostrowmaz24.pl: W tym nowoczesnym projekcie dla uczni\u00f3w szk\u00f3\u0142 ponadpodstawowych bior\u0105 udzia\u0142 reprezentacje o\u015bmiu szk\u00f3\u0142 ponadpodstawowych z ca\u0142ej Polski: II LO im. K. I. Ga\u0142czy\u0144skiego w Olsztynie, VII LO im&#8230;.<\/p>\n","protected":false},"author":4,"featured_media":10982,"comment_status":"closed","ping_status":"closed","sticky":false,"template":"","format":"gallery","meta":{"_acf_changed":false,"_s2mail":"","footnotes":""},"categories":[1],"tags":[],"class_list":["post-10981","post","type-post","status-publish","format-gallery","has-post-thumbnail","hentry","category-bez-kategorii","post_format-post-format-gallery"],"acf":[],"_links":{"self":[{"href":"https:\/\/lo6.szczecin.pl\/index.php\/wp-json\/wp\/v2\/posts\/10981","targetHints":{"allow":["GET"]}}],"collection":[{"href":"https:\/\/lo6.szczecin.pl\/index.php\/wp-json\/wp\/v2\/posts"}],"about":[{"href":"https:\/\/lo6.szczecin.pl\/index.php\/wp-json\/wp\/v2\/types\/post"}],"author":[{"embeddable":true,"href":"https:\/\/lo6.szczecin.pl\/index.php\/wp-json\/wp\/v2\/users\/4"}],"replies":[{"embeddable":true,"href":"https:\/\/lo6.szczecin.pl\/index.php\/wp-json\/wp\/v2\/comments?post=10981"}],"version-history":[{"count":3,"href":"https:\/\/lo6.szczecin.pl\/index.php\/wp-json\/wp\/v2\/posts\/10981\/revisions"}],"predecessor-version":[{"id":10991,"href":"https:\/\/lo6.szczecin.pl\/index.php\/wp-json\/wp\/v2\/posts\/10981\/revisions\/10991"}],"wp:featuredmedia":[{"embeddable":true,"href":"https:\/\/lo6.szczecin.pl\/index.php\/wp-json\/wp\/v2\/media\/10982"}],"wp:attachment":[{"href":"https:\/\/lo6.szczecin.pl\/index.php\/wp-json\/wp\/v2\/media?parent=10981"}],"wp:term":[{"taxonomy":"category","embeddable":true,"href":"https:\/\/lo6.szczecin.pl\/index.php\/wp-json\/wp\/v2\/categories?post=10981"},{"taxonomy":"post_tag","embeddable":true,"href":"https:\/\/lo6.szczecin.pl\/index.php\/wp-json\/wp\/v2\/tags?post=10981"}],"curies":[{"name":"wp","href":"https:\/\/api.w.org\/{rel}","templated":true}]}}