{"id":10955,"date":"2022-09-15T13:08:30","date_gmt":"2022-09-15T11:08:30","guid":{"rendered":"https:\/\/lo6.szczecin.pl\/?p=10955"},"modified":"2022-10-10T13:17:54","modified_gmt":"2022-10-10T11:17:54","slug":"fotorelacja-z-wyjazdu-integracyjnego-klas-i","status":"publish","type":"post","link":"https:\/\/lo6.szczecin.pl\/index.php\/2022\/09\/15\/fotorelacja-z-wyjazdu-integracyjnego-klas-i\/","title":{"rendered":"Fotorelacja z wyjazdu integracyjnego klas I"},"content":{"rendered":"<p style=\"padding-left: 40px;\">W dniach 05-07.09.2022 r. wszyscy uczniowie klas I, wzi\u0119li udzia\u0142 w wyje\u017adzie integracyjnym.<\/p>\n","protected":false},"excerpt":{"rendered":"<p>W dniach 05-07.09.2022 r. wszyscy uczniowie klas I, wzi\u0119li udzia\u0142 w wyje\u017adzie integracyjnym.<\/p>\n","protected":false},"author":4,"featured_media":10971,"comment_status":"closed","ping_status":"closed","sticky":false,"template":"","format":"gallery","meta":{"_acf_changed":false,"_s2mail":"","footnotes":""},"categories":[1],"tags":[],"class_list":["post-10955","post","type-post","status-publish","format-gallery","has-post-thumbnail","hentry","category-bez-kategorii","post_format-post-format-gallery"],"acf":[],"_links":{"self":[{"href":"https:\/\/lo6.szczecin.pl\/index.php\/wp-json\/wp\/v2\/posts\/10955","targetHints":{"allow":["GET"]}}],"collection":[{"href":"https:\/\/lo6.szczecin.pl\/index.php\/wp-json\/wp\/v2\/posts"}],"about":[{"href":"https:\/\/lo6.szczecin.pl\/index.php\/wp-json\/wp\/v2\/types\/post"}],"author":[{"embeddable":true,"href":"https:\/\/lo6.szczecin.pl\/index.php\/wp-json\/wp\/v2\/users\/4"}],"replies":[{"embeddable":true,"href":"https:\/\/lo6.szczecin.pl\/index.php\/wp-json\/wp\/v2\/comments?post=10955"}],"version-history":[{"count":1,"href":"https:\/\/lo6.szczecin.pl\/index.php\/wp-json\/wp\/v2\/posts\/10955\/revisions"}],"predecessor-version":[{"id":10974,"href":"https:\/\/lo6.szczecin.pl\/index.php\/wp-json\/wp\/v2\/posts\/10955\/revisions\/10974"}],"wp:featuredmedia":[{"embeddable":true,"href":"https:\/\/lo6.szczecin.pl\/index.php\/wp-json\/wp\/v2\/media\/10971"}],"wp:attachment":[{"href":"https:\/\/lo6.szczecin.pl\/index.php\/wp-json\/wp\/v2\/media?parent=10955"}],"wp:term":[{"taxonomy":"category","embeddable":true,"href":"https:\/\/lo6.szczecin.pl\/index.php\/wp-json\/wp\/v2\/categories?post=10955"},{"taxonomy":"post_tag","embeddable":true,"href":"https:\/\/lo6.szczecin.pl\/index.php\/wp-json\/wp\/v2\/tags?post=10955"}],"curies":[{"name":"wp","href":"https:\/\/api.w.org\/{rel}","templated":true}]}}