{"id":10917,"date":"2022-09-28T09:48:20","date_gmt":"2022-09-28T07:48:20","guid":{"rendered":"https:\/\/lo6.szczecin.pl\/?p=10917"},"modified":"2022-10-05T12:38:23","modified_gmt":"2022-10-05T10:38:23","slug":"sukcesy-sportowe-2","status":"publish","type":"post","link":"https:\/\/lo6.szczecin.pl\/index.php\/2022\/09\/28\/sukcesy-sportowe-2\/","title":{"rendered":"Sukcesy sportowe"},"content":{"rendered":"<div class=\"xdj266r x11i5rnm xat24cr x1mh8g0r x1vvkbs x126k92a\">\n<div dir=\"auto\" style=\"padding-left: 80px;\">Publikujemy fotorelacj\u0119 z Zawod\u00f3w lekkoatletycznych w ramach Licealiady.<\/div>\n<\/div>\n<div class=\"x11i5rnm xat24cr x1mh8g0r x1vvkbs xtlvy1s x126k92a\" style=\"padding-left: 40px;\">\n<div dir=\"auto\" style=\"padding-left: 40px;\"><\/div>\n<div dir=\"auto\" style=\"padding-left: 40px;\">Nasza szko\u0142a zdoby\u0142a 3 miejsce, zdobywaj\u0105c ponad 600 punkt\u00f3w w og\u00f3lnym rozrachunku.<\/div>\n<\/div>\n<div class=\"x11i5rnm xat24cr x1mh8g0r x1vvkbs xtlvy1s x126k92a\" style=\"padding-left: 40px;\">\n<div dir=\"auto\" style=\"padding-left: 40px;\"><\/div>\n<div dir=\"auto\" style=\"padding-left: 40px;\">Gratulujemy Wszystkim Uczniom bior\u0105cym udzia\u0142 w Licealiadzie<\/div>\n<div dir=\"auto\" style=\"padding-left: 40px;\">i nauczycielom wf&#8217;u, \u017cycz\u0105c kolejnych wspania\u0142ych sukces\u00f3w!<\/div>\n<\/div>\n","protected":false},"excerpt":{"rendered":"<p>Publikujemy fotorelacj\u0119 z Zawod\u00f3w lekkoatletycznych w ramach Licealiady. Nasza szko\u0142a zdoby\u0142a 3 miejsce, zdobywaj\u0105c ponad 600 punkt\u00f3w w og\u00f3lnym rozrachunku. Gratulujemy Wszystkim Uczniom bior\u0105cym udzia\u0142 w Licealiadzie i nauczycielom wf&#8217;u, \u017cycz\u0105c kolejnych wspania\u0142ych sukces\u00f3w!<\/p>\n","protected":false},"author":4,"featured_media":10937,"comment_status":"closed","ping_status":"closed","sticky":false,"template":"","format":"gallery","meta":{"_acf_changed":false,"_s2mail":"","footnotes":""},"categories":[1],"tags":[],"class_list":["post-10917","post","type-post","status-publish","format-gallery","has-post-thumbnail","hentry","category-bez-kategorii","post_format-post-format-gallery"],"acf":[],"_links":{"self":[{"href":"https:\/\/lo6.szczecin.pl\/index.php\/wp-json\/wp\/v2\/posts\/10917","targetHints":{"allow":["GET"]}}],"collection":[{"href":"https:\/\/lo6.szczecin.pl\/index.php\/wp-json\/wp\/v2\/posts"}],"about":[{"href":"https:\/\/lo6.szczecin.pl\/index.php\/wp-json\/wp\/v2\/types\/post"}],"author":[{"embeddable":true,"href":"https:\/\/lo6.szczecin.pl\/index.php\/wp-json\/wp\/v2\/users\/4"}],"replies":[{"embeddable":true,"href":"https:\/\/lo6.szczecin.pl\/index.php\/wp-json\/wp\/v2\/comments?post=10917"}],"version-history":[{"count":4,"href":"https:\/\/lo6.szczecin.pl\/index.php\/wp-json\/wp\/v2\/posts\/10917\/revisions"}],"predecessor-version":[{"id":10942,"href":"https:\/\/lo6.szczecin.pl\/index.php\/wp-json\/wp\/v2\/posts\/10917\/revisions\/10942"}],"wp:featuredmedia":[{"embeddable":true,"href":"https:\/\/lo6.szczecin.pl\/index.php\/wp-json\/wp\/v2\/media\/10937"}],"wp:attachment":[{"href":"https:\/\/lo6.szczecin.pl\/index.php\/wp-json\/wp\/v2\/media?parent=10917"}],"wp:term":[{"taxonomy":"category","embeddable":true,"href":"https:\/\/lo6.szczecin.pl\/index.php\/wp-json\/wp\/v2\/categories?post=10917"},{"taxonomy":"post_tag","embeddable":true,"href":"https:\/\/lo6.szczecin.pl\/index.php\/wp-json\/wp\/v2\/tags?post=10917"}],"curies":[{"name":"wp","href":"https:\/\/api.w.org\/{rel}","templated":true}]}}