{"id":10890,"date":"2022-09-21T17:21:00","date_gmt":"2022-09-21T15:21:00","guid":{"rendered":"https:\/\/lo6.szczecin.pl\/?p=10890"},"modified":"2022-09-22T11:29:04","modified_gmt":"2022-09-22T09:29:04","slug":"cykl-5-spotkan-rodzice-do-zadan-specjalnych","status":"publish","type":"post","link":"https:\/\/lo6.szczecin.pl\/index.php\/2022\/09\/21\/cykl-5-spotkan-rodzice-do-zadan-specjalnych\/","title":{"rendered":"Cykl  5 spotka\u0144 &#8220;Rodzice do zada\u0144 specjalnych&#8221;"},"content":{"rendered":"<div style=\"padding-left: 40px;\">Zapraszamy do udzia\u0142u w cyklu spotka\u0144 <em>Rodzice do zada\u0144 specjalnych<\/em>, kt\u00f3re wsp\u00f3\u0142organizujemy z Dzia\u0142em Pieczy Zast\u0119pczej Miejskiego O\u015brodka Pomocy Rodzinie w Szczecinie.<\/div>\n<div><\/div>\n<div style=\"padding-left: 40px;\"><\/div>\n<div><\/div>\n<div><\/div>\n<div style=\"padding-left: 40px;\"><img loading=\"lazy\" decoding=\"async\" class=\"aligncenter size-large wp-image-10891\" src=\"https:\/\/lo6.szczecin.pl\/wp-content\/uploads\/2022\/09\/POSTY-PLANOWANE-Zdjecie-w-tle-dla-wydarzenia-na-Facebooku-Plakat-orientacja-pionowa-1-1-724x1024.png\" alt=\"\" width=\"724\" height=\"1024\" srcset=\"https:\/\/lo6.szczecin.pl\/wp-content\/uploads\/2022\/09\/POSTY-PLANOWANE-Zdjecie-w-tle-dla-wydarzenia-na-Facebooku-Plakat-orientacja-pionowa-1-1-724x1024.png 724w, https:\/\/lo6.szczecin.pl\/wp-content\/uploads\/2022\/09\/POSTY-PLANOWANE-Zdjecie-w-tle-dla-wydarzenia-na-Facebooku-Plakat-orientacja-pionowa-1-1-212x300.png 212w, https:\/\/lo6.szczecin.pl\/wp-content\/uploads\/2022\/09\/POSTY-PLANOWANE-Zdjecie-w-tle-dla-wydarzenia-na-Facebooku-Plakat-orientacja-pionowa-1-1-768x1086.png 768w, https:\/\/lo6.szczecin.pl\/wp-content\/uploads\/2022\/09\/POSTY-PLANOWANE-Zdjecie-w-tle-dla-wydarzenia-na-Facebooku-Plakat-orientacja-pionowa-1-1-1086x1536.png 1086w, https:\/\/lo6.szczecin.pl\/wp-content\/uploads\/2022\/09\/POSTY-PLANOWANE-Zdjecie-w-tle-dla-wydarzenia-na-Facebooku-Plakat-orientacja-pionowa-1-1-1448x2048.png 1448w, https:\/\/lo6.szczecin.pl\/wp-content\/uploads\/2022\/09\/POSTY-PLANOWANE-Zdjecie-w-tle-dla-wydarzenia-na-Facebooku-Plakat-orientacja-pionowa-1-1.png 1587w\" sizes=\"auto, (max-width: 724px) 100vw, 724px\" \/><\/div>\n<div style=\"padding-left: 40px;\">Aby wzi\u0105\u0107 udzia\u0142 w spotkaniu niezb\u0119dna jest wcze\u015bniejsza rezerwacja miejsca zg\u0142oszona poprzez poczt\u0119 elektroniczn\u0105 <a class=\"mailto-link\" href=\"mailto:rodzina@szczecin.eu\" target=\"_blank\" rel=\"noopener\">rodzina@szczecin.eu<\/a>&lt;mailto:<a class=\"mailto-link\" href=\"mailto:rodzina@szczecin.eu\" target=\"_blank\" rel=\"noopener\">rodzina@szczecin.eu<\/a>&gt;\u00a0, telefonicznie pod numerem 570 780 040 lub osobi\u015bcie w Centrum Inicjatyw Rodzinnych przy Al. Wojska Polskiego 51 w Szczecinie.<\/div>\n<div style=\"padding-left: 40px;\"><\/div>\n<div style=\"padding-left: 40px;\"><\/div>\n<div style=\"padding-left: 40px;\"><\/div>\n","protected":false},"excerpt":{"rendered":"<p>Zapraszamy do udzia\u0142u w cyklu spotka\u0144 Rodzice do zada\u0144 specjalnych, kt\u00f3re wsp\u00f3\u0142organizujemy z Dzia\u0142em Pieczy Zast\u0119pczej Miejskiego O\u015brodka Pomocy Rodzinie w Szczecinie. Aby wzi\u0105\u0107 udzia\u0142 w spotkaniu niezb\u0119dna jest wcze\u015bniejsza rezerwacja miejsca zg\u0142oszona poprzez poczt\u0119 elektroniczn\u0105 rodzina@szczecin.eu&lt;mailto:rodzina@szczecin.eu&gt;\u00a0, telefonicznie pod numerem 570 780 040 lub osobi\u015bcie w Centrum Inicjatyw Rodzinnych przy Al. Wojska Polskiego 51 w&#8230;<\/p>\n","protected":false},"author":4,"featured_media":10892,"comment_status":"closed","ping_status":"closed","sticky":false,"template":"","format":"gallery","meta":{"_acf_changed":false,"_s2mail":"","footnotes":""},"categories":[1],"tags":[],"class_list":["post-10890","post","type-post","status-publish","format-gallery","has-post-thumbnail","hentry","category-bez-kategorii","post_format-post-format-gallery"],"acf":[],"_links":{"self":[{"href":"https:\/\/lo6.szczecin.pl\/index.php\/wp-json\/wp\/v2\/posts\/10890","targetHints":{"allow":["GET"]}}],"collection":[{"href":"https:\/\/lo6.szczecin.pl\/index.php\/wp-json\/wp\/v2\/posts"}],"about":[{"href":"https:\/\/lo6.szczecin.pl\/index.php\/wp-json\/wp\/v2\/types\/post"}],"author":[{"embeddable":true,"href":"https:\/\/lo6.szczecin.pl\/index.php\/wp-json\/wp\/v2\/users\/4"}],"replies":[{"embeddable":true,"href":"https:\/\/lo6.szczecin.pl\/index.php\/wp-json\/wp\/v2\/comments?post=10890"}],"version-history":[{"count":1,"href":"https:\/\/lo6.szczecin.pl\/index.php\/wp-json\/wp\/v2\/posts\/10890\/revisions"}],"predecessor-version":[{"id":10893,"href":"https:\/\/lo6.szczecin.pl\/index.php\/wp-json\/wp\/v2\/posts\/10890\/revisions\/10893"}],"wp:featuredmedia":[{"embeddable":true,"href":"https:\/\/lo6.szczecin.pl\/index.php\/wp-json\/wp\/v2\/media\/10892"}],"wp:attachment":[{"href":"https:\/\/lo6.szczecin.pl\/index.php\/wp-json\/wp\/v2\/media?parent=10890"}],"wp:term":[{"taxonomy":"category","embeddable":true,"href":"https:\/\/lo6.szczecin.pl\/index.php\/wp-json\/wp\/v2\/categories?post=10890"},{"taxonomy":"post_tag","embeddable":true,"href":"https:\/\/lo6.szczecin.pl\/index.php\/wp-json\/wp\/v2\/tags?post=10890"}],"curies":[{"name":"wp","href":"https:\/\/api.w.org\/{rel}","templated":true}]}}