{"id":10876,"date":"2022-09-14T11:07:33","date_gmt":"2022-09-14T09:07:33","guid":{"rendered":"https:\/\/lo6.szczecin.pl\/?p=10876"},"modified":"2022-09-14T11:08:57","modified_gmt":"2022-09-14T09:08:57","slug":"zebrania-dyrekcji-i-wychowawcow-z-rodzicami-uczniow-klas-ii-iv","status":"publish","type":"post","link":"https:\/\/lo6.szczecin.pl\/index.php\/2022\/09\/14\/zebrania-dyrekcji-i-wychowawcow-z-rodzicami-uczniow-klas-ii-iv\/","title":{"rendered":"Zebrania dyrekcji i wychowawc\u00f3w z rodzicami uczni\u00f3w klas II-IV"},"content":{"rendered":"<p style=\"padding-left: 40px;\"><strong>Zebrania dyrekcji i wychowawc\u00f3w z rodzicami uczni\u00f3w klas II, III i IV<\/strong><\/p>\n<p style=\"padding-left: 40px;\"><strong>Harmonogram spotka\u0144 w dniu 15 wrze\u015bnia 2022 r.:<\/strong><\/p>\n<ul>\n<li style=\"list-style-type: none;\">\n<ul>\n<li><strong>godz. 17.00: klasy 4A i 4C<\/strong> &#8211; spotkanie z dyrekcj\u0105 szko\u0142y <strong>w sali 20\/2<\/strong>1, a potem spotkania z wychowawcami<br \/>\nw salach lekcyjnych,<\/li>\n<li><strong>godz. 18.15: klasy 4B1 i 4B2<\/strong> &#8211; spotkanie z dyrekcj\u0105 szko\u0142y <strong>w sali 20\/21<\/strong>, a potem spotkania z wychowawcami w salach lekcyjnych<\/li>\n<li><strong>godz. 17.00: klasy II i III <\/strong>&#8211; wed\u0142ug poni\u017cszego harmonogramu:<\/li>\n<\/ul>\n<\/li>\n<\/ul>\n<table class=\" aligncenter\" style=\"width: 65.0002%; height: 740px;\">\n<tbody>\n<tr>\n<td style=\"width: 18.3926%;\" width=\"139\"><strong>Klasa<\/strong><\/td>\n<td style=\"width: 51.3138%;\" width=\"404\"><strong>Wychowawca <\/strong>(nauczany przedmiot)<\/td>\n<td style=\"width: 29.2117%;\" colspan=\"2\" width=\"213\"><strong>Miejsce spotkania<\/strong><\/td>\n<\/tr>\n<tr>\n<td style=\"width: 18.3926%;\" width=\"139\">2 A<\/td>\n<td style=\"width: 51.3138%;\" width=\"404\">Piotr Kula (wychowanie fizyczne)<\/td>\n<td style=\"width: 29.2117%;\" colspan=\"2\" width=\"213\">sala nr 10, I pi\u0119tro<\/td>\n<\/tr>\n<tr>\n<td style=\"width: 18.3926%;\" width=\"139\">2 B1<\/td>\n<td style=\"width: 51.3138%;\" width=\"404\">Dorota Krzysztofik (wychowanie fizyczne)<\/td>\n<td style=\"width: 27.6662%;\" width=\"210\">sala nr 13, I pi\u0119tro<\/td>\n<td style=\"width: 1.5456%;\" width=\"3\"><\/td>\n<\/tr>\n<tr>\n<td style=\"width: 18.3926%;\" width=\"139\">2 B2<\/td>\n<td style=\"width: 51.3138%;\" width=\"404\">Anna Roman (j\u0119zyk polski)<\/td>\n<td style=\"width: 27.6662%;\" width=\"210\">sala nr 25, II pi\u0119tro<\/td>\n<td style=\"width: 1.5456%;\" width=\"3\"><\/td>\n<\/tr>\n<tr>\n<td style=\"width: 18.3926%;\" width=\"139\">2 C<\/td>\n<td style=\"width: 51.3138%;\" width=\"404\">Marek P\u0142atkowski geografia, edb)<\/td>\n<td style=\"width: 27.6662%;\" width=\"210\">sala nr 5, parter<\/td>\n<td style=\"width: 1.5456%;\" width=\"3\"><\/td>\n<\/tr>\n<tr>\n<td style=\"width: 18.3926%;\" width=\"139\">3 A<\/td>\n<td style=\"width: 51.3138%;\" width=\"404\">Paulina Hajdamowicz (j\u0119zyk angielski)<\/td>\n<td style=\"width: 27.6662%;\" width=\"210\">sala nr 30, III pi\u0119tro<\/td>\n<td style=\"width: 1.5456%;\" width=\"3\"><\/td>\n<\/tr>\n<tr>\n<td style=\"width: 18.3926%;\" width=\"139\">3 B<\/td>\n<td style=\"width: 51.3138%;\" width=\"404\">Marzena Skrzy\u0144ska (chemia)<\/td>\n<td style=\"width: 27.6662%;\" width=\"210\">sala nr 2, parter<\/td>\n<td style=\"width: 1.5456%;\" width=\"3\"><\/td>\n<\/tr>\n<tr>\n<td style=\"width: 18.3926%;\" width=\"139\">3 C<\/td>\n<td style=\"width: 51.3138%;\" width=\"404\">Magdalena Bohonos (matematyka)<\/td>\n<td style=\"width: 27.6662%;\" width=\"210\">sala nr 24, II pi\u0119tro<\/td>\n<td style=\"width: 1.5456%;\" width=\"3\"><\/td>\n<\/tr>\n<tr>\n<td style=\"width: 18.3926%;\" width=\"139\">4 A<\/td>\n<td style=\"width: 51.3138%;\" width=\"404\">Beata Przybylska-Jankowska (j\u0119zyk polski)<\/td>\n<td style=\"width: 27.6662%;\" width=\"210\">sala nr 22, II pi\u0119tro<\/td>\n<td style=\"width: 1.5456%;\" width=\"3\"><\/td>\n<\/tr>\n<tr>\n<td style=\"width: 18.3926%;\" width=\"139\">4 B1<\/td>\n<td style=\"width: 51.3138%;\" width=\"404\">Agnieszka Andrzejuk (j\u0119zyk angielski)<\/td>\n<td style=\"width: 27.6662%;\" width=\"210\">sala nr 3, parter<\/td>\n<td style=\"width: 1.5456%;\" width=\"3\"><\/td>\n<\/tr>\n<tr>\n<td style=\"width: 18.3926%;\" width=\"139\">4 B2<\/td>\n<td style=\"width: 51.3138%;\" width=\"404\">Monika \u0141uczak (biologia)<\/td>\n<td style=\"width: 27.6662%;\" width=\"210\">sala nr 4, parter<\/td>\n<td style=\"width: 1.5456%;\" width=\"3\"><\/td>\n<\/tr>\n<tr>\n<td style=\"width: 18.3926%;\" width=\"139\">4 C<\/td>\n<td style=\"width: 51.3138%;\" width=\"404\">Anna Roman (j\u0119zyk polski)<\/td>\n<td style=\"width: 27.6662%;\" width=\"210\">sala nr 25, II pi\u0119tro<\/td>\n<td style=\"width: 1.5456%;\" width=\"3\"><\/td>\n<\/tr>\n<\/tbody>\n<\/table>\n<p style=\"text-align: center;\">\n","protected":false},"excerpt":{"rendered":"<p>Zebrania dyrekcji i wychowawc\u00f3w z rodzicami uczni\u00f3w klas II, III i IV Harmonogram spotka\u0144 w dniu 15 wrze\u015bnia 2022 r.: godz. 17.00: klasy 4A i 4C &#8211; spotkanie z dyrekcj\u0105 szko\u0142y w sali 20\/21, a potem spotkania z wychowawcami w salach lekcyjnych, godz. 18.15: klasy 4B1 i 4B2 &#8211; spotkanie z dyrekcj\u0105 szko\u0142y w sali&#8230;<\/p>\n","protected":false},"author":4,"featured_media":0,"comment_status":"closed","ping_status":"closed","sticky":false,"template":"","format":"gallery","meta":{"_acf_changed":false,"_s2mail":"","footnotes":""},"categories":[1],"tags":[],"class_list":["post-10876","post","type-post","status-publish","format-gallery","hentry","category-bez-kategorii","post_format-post-format-gallery"],"acf":[],"_links":{"self":[{"href":"https:\/\/lo6.szczecin.pl\/index.php\/wp-json\/wp\/v2\/posts\/10876","targetHints":{"allow":["GET"]}}],"collection":[{"href":"https:\/\/lo6.szczecin.pl\/index.php\/wp-json\/wp\/v2\/posts"}],"about":[{"href":"https:\/\/lo6.szczecin.pl\/index.php\/wp-json\/wp\/v2\/types\/post"}],"author":[{"embeddable":true,"href":"https:\/\/lo6.szczecin.pl\/index.php\/wp-json\/wp\/v2\/users\/4"}],"replies":[{"embeddable":true,"href":"https:\/\/lo6.szczecin.pl\/index.php\/wp-json\/wp\/v2\/comments?post=10876"}],"version-history":[{"count":4,"href":"https:\/\/lo6.szczecin.pl\/index.php\/wp-json\/wp\/v2\/posts\/10876\/revisions"}],"predecessor-version":[{"id":10880,"href":"https:\/\/lo6.szczecin.pl\/index.php\/wp-json\/wp\/v2\/posts\/10876\/revisions\/10880"}],"wp:attachment":[{"href":"https:\/\/lo6.szczecin.pl\/index.php\/wp-json\/wp\/v2\/media?parent=10876"}],"wp:term":[{"taxonomy":"category","embeddable":true,"href":"https:\/\/lo6.szczecin.pl\/index.php\/wp-json\/wp\/v2\/categories?post=10876"},{"taxonomy":"post_tag","embeddable":true,"href":"https:\/\/lo6.szczecin.pl\/index.php\/wp-json\/wp\/v2\/tags?post=10876"}],"curies":[{"name":"wp","href":"https:\/\/api.w.org\/{rel}","templated":true}]}}