{"id":10823,"date":"2022-08-22T15:15:18","date_gmt":"2022-08-22T13:15:18","guid":{"rendered":"https:\/\/lo6.szczecin.pl\/?p=10823"},"modified":"2022-08-29T11:56:47","modified_gmt":"2022-08-29T09:56:47","slug":"rozpoczecie-roku-szk-2022-2023","status":"publish","type":"post","link":"https:\/\/lo6.szczecin.pl\/index.php\/2022\/08\/22\/rozpoczecie-roku-szk-2022-2023\/","title":{"rendered":"Rozpocz\u0119cie roku szk. 2022\/2023"},"content":{"rendered":"<p style=\"padding-left: 40px;\"><strong>Rozpocz\u0119cie roku szkolnego 2022\/2023<\/strong>:<\/p>\n<ul>\n<li style=\"list-style-type: none;\">\n<ul>\n<li>uczniowie klas pierwszych godz. 9.00 na placu przy sali gimnastycznej (Jagiello\u0144ska 62).<br \/>\npo uroczystym rozpocz\u0119ciu, uczniowie klas pierwszych spotkaj\u0105 si\u0119 wychowawcami klas w g\u0142\u00f3wnym budynku szko\u0142y (Jagiello\u0144ska 41) i napisz\u0105 diagnozy z j\u0119zyk\u00f3w obcych.<\/li>\n<li>uczniowie klas drugich, trzecich i czwartych spotykaj\u0105 si\u0119 z wychowawcami klas o godz. 10.00 w g\u0142\u00f3wnym budynku szko\u0142y.<\/li>\n<\/ul>\n<\/li>\n<\/ul>\n<p style=\"padding-left: 40px;\"><strong>Zebrania z Rodzicami uczni\u00f3w klas\u00a0 I &#8211; 1 wrze\u015bnia 2022 r.<\/strong>:<\/p>\n<ul>\n<li style=\"list-style-type: none;\">\n<ul>\n<li>godz. 17.00, klasy 1A1, 1A2, 1B, 1C<\/li>\n<li>godz. 18.15, klasy 1B1, 1B2, 1D.<\/li>\n<\/ul>\n<\/li>\n<\/ul>\n<p style=\"padding-left: 40px;\">Na zebraniach z rodzicami b\u0119d\u0105 przyjmowane op\u0142aty w wysoko\u015bci 380 z\u0142 (tylko w postaci got\u00f3wkowej) za wyjazd integracyjny zaplanowany na okres 5-7 wrze\u015bnia 2022 r. w o\u015brodku <em>Wrzos<\/em> w \u0141uk\u0119cinie. W wyje\u017adzie powinni wzi\u0105\u0107 udzia\u0142 wszyscy uczniowie.<\/p>\n","protected":false},"excerpt":{"rendered":"<p>Rozpocz\u0119cie roku szkolnego 2022\/2023: uczniowie klas pierwszych godz. 9.00 na placu przy sali gimnastycznej (Jagiello\u0144ska 62). po uroczystym rozpocz\u0119ciu, uczniowie klas pierwszych spotkaj\u0105 si\u0119 wychowawcami klas w g\u0142\u00f3wnym budynku szko\u0142y (Jagiello\u0144ska 41) i napisz\u0105 diagnozy z j\u0119zyk\u00f3w obcych. uczniowie klas drugich, trzecich i czwartych spotykaj\u0105 si\u0119 z wychowawcami klas o godz. 10.00 w g\u0142\u00f3wnym budynku&#8230;<\/p>\n","protected":false},"author":4,"featured_media":6817,"comment_status":"closed","ping_status":"closed","sticky":false,"template":"","format":"gallery","meta":{"_acf_changed":false,"_s2mail":"","footnotes":""},"categories":[1],"tags":[],"class_list":["post-10823","post","type-post","status-publish","format-gallery","has-post-thumbnail","hentry","category-bez-kategorii","post_format-post-format-gallery"],"acf":[],"_links":{"self":[{"href":"https:\/\/lo6.szczecin.pl\/index.php\/wp-json\/wp\/v2\/posts\/10823","targetHints":{"allow":["GET"]}}],"collection":[{"href":"https:\/\/lo6.szczecin.pl\/index.php\/wp-json\/wp\/v2\/posts"}],"about":[{"href":"https:\/\/lo6.szczecin.pl\/index.php\/wp-json\/wp\/v2\/types\/post"}],"author":[{"embeddable":true,"href":"https:\/\/lo6.szczecin.pl\/index.php\/wp-json\/wp\/v2\/users\/4"}],"replies":[{"embeddable":true,"href":"https:\/\/lo6.szczecin.pl\/index.php\/wp-json\/wp\/v2\/comments?post=10823"}],"version-history":[{"count":6,"href":"https:\/\/lo6.szczecin.pl\/index.php\/wp-json\/wp\/v2\/posts\/10823\/revisions"}],"predecessor-version":[{"id":10845,"href":"https:\/\/lo6.szczecin.pl\/index.php\/wp-json\/wp\/v2\/posts\/10823\/revisions\/10845"}],"wp:featuredmedia":[{"embeddable":true,"href":"https:\/\/lo6.szczecin.pl\/index.php\/wp-json\/wp\/v2\/media\/6817"}],"wp:attachment":[{"href":"https:\/\/lo6.szczecin.pl\/index.php\/wp-json\/wp\/v2\/media?parent=10823"}],"wp:term":[{"taxonomy":"category","embeddable":true,"href":"https:\/\/lo6.szczecin.pl\/index.php\/wp-json\/wp\/v2\/categories?post=10823"},{"taxonomy":"post_tag","embeddable":true,"href":"https:\/\/lo6.szczecin.pl\/index.php\/wp-json\/wp\/v2\/tags?post=10823"}],"curies":[{"name":"wp","href":"https:\/\/api.w.org\/{rel}","templated":true}]}}