{"id":10811,"date":"2022-07-28T13:43:36","date_gmt":"2022-07-28T11:43:36","guid":{"rendered":"https:\/\/lo6.szczecin.pl\/?p=10811"},"modified":"2022-08-23T13:31:09","modified_gmt":"2022-08-23T11:31:09","slug":"egzaminy-poprawkowe-2022-25-i-26-sierpnia-2022-r","status":"publish","type":"post","link":"https:\/\/lo6.szczecin.pl\/index.php\/2022\/07\/28\/egzaminy-poprawkowe-2022-25-i-26-sierpnia-2022-r\/","title":{"rendered":"EGZAMINY POPRAWKOWE 2022 &#8211; 25 i 26 sierpnia 2022 r."},"content":{"rendered":"<p style=\"padding-left: 40px;\">EGZAMINY POPRAWKOWE 2022 &#8211; 25 i 26 sierpnia 2022 r.<br \/>\nw dniu 24 sierpnia 2022 r. &#8211; konsultacje przedmiotowe<\/p>\n<p style=\"padding-left: 40px;\">\n<table style=\"height: 434px; width: 89.081%; border-collapse: collapse; margin-left: 40px;\" border=\"1\">\n<tbody style=\"padding-left: 40px;\">\n<tr style=\"height: 24px; padding-left: 40px;\">\n<td style=\"width: 49.425px; text-align: center; height: 24px; padding-left: 40px;\"><strong>Lp.<\/strong><\/td>\n<td style=\"width: 167.375px; text-align: center; height: 24px; padding-left: 40px;\"><strong>Przedmiot <\/strong><\/td>\n<td style=\"width: 620.725px; text-align: left; height: 24px; padding-left: 80px;\"><strong>Data i godzina<\/strong><\/td>\n<\/tr>\n<tr style=\"height: 104px; padding-left: 40px;\">\n<td style=\"width: 49.425px; text-align: center; height: 104px; padding-left: 40px;\">1<\/td>\n<td style=\"width: 167.375px; text-align: center; height: 104px; padding-left: 40px;\"><strong>j\u0119zyk polski<\/strong><\/td>\n<td style=\"width: 659.725px; height: 104px; padding-left: 40px;\">\n<p style=\"padding-left: 40px;\"><strong>25 sierpnia,<br \/>\n<\/strong>godz. 9.00 &#8211; cz. pisemna,<br \/>\nod godz. 10.30 &#8211; cz\u0119\u015b\u0107 ustna<\/p>\n<\/td>\n<\/tr>\n<tr style=\"height: 72px; padding-left: 40px;\">\n<td style=\"width: 49.425px; text-align: center; height: 72px; padding-left: 40px;\">2<\/td>\n<td style=\"width: 167.375px; text-align: center; height: 72px; padding-left: 40px;\"><strong>biologia<\/strong><\/td>\n<td style=\"width: 620.725px; padding-left: 80px; height: 72px;\"><strong>25 sierpnia,<\/strong><br \/>\ngodz. 9.00 &#8211; cz. pisemna,<br \/>\nod godz. 10.30 &#8211; cz\u0119\u015b\u0107 ustna<\/td>\n<\/tr>\n<tr style=\"height: 72px; padding-left: 40px;\">\n<td style=\"width: 49.425px; text-align: center; height: 72px; padding-left: 40px;\">3<\/td>\n<td style=\"width: 167.375px; text-align: center; height: 72px; padding-left: 40px;\"><strong>j\u0119zyk angielski<\/strong><\/td>\n<td style=\"width: 620.725px; padding-left: 80px; height: 72px;\"><strong>25 sierpnia,<\/strong><br \/>\ngodz. 9.00 &#8211; cz. pisemna,<br \/>\nod godz. 10.30 &#8211; cz\u0119\u015b\u0107 ustna<\/td>\n<\/tr>\n<tr style=\"height: 72px; padding-left: 40px;\">\n<td style=\"width: 49.425px; text-align: center; height: 72px; padding-left: 40px;\">4<\/td>\n<td style=\"width: 167.375px; text-align: center; height: 72px; padding-left: 40px;\"><strong>matematyka<\/strong><\/td>\n<td style=\"width: 620.725px; padding-left: 80px; height: 72px;\"><strong>26 sierpnia,<\/strong><br \/>\ngodz. 9.00 &#8211; cz. pisemna,<br \/>\nod godz. 10.30 &#8211; cz\u0119\u015b\u0107 ustna<\/td>\n<\/tr>\n<tr style=\"height: 72px; padding-left: 40px;\">\n<td style=\"width: 49.425px; text-align: center; height: 72px; padding-left: 40px;\">5<\/td>\n<td style=\"width: 167.375px; text-align: center; height: 72px; padding-left: 40px;\"><strong>historia<\/strong><\/td>\n<td style=\"width: 620.725px; padding-left: 80px; height: 72px;\"><strong>26 sierpnia,<\/strong><br \/>\ngodz. 9.00 &#8211; cz. pisemna,<br \/>\nod godz. 10.30 &#8211; cz\u0119\u015b\u0107 ustna<\/td>\n<\/tr>\n<\/tbody>\n<\/table>\n<p style=\"padding-left: 40px;\">\n<p style=\"padding-left: 40px;\">EGZAMIN POPRAWKOWY SK\u0141ADA SI\u0118 Z CZ\u0118\u015aCI PISEMNEJ I CZ\u0118\u015aCI USTNEJ. Mi\u0119dzy cz\u0119\u015bciami egzaminu jest ok. 30 min. przerwa.<\/p>\n<p style=\"padding-left: 40px;\">Konsultacje ze wszystkich przedmiot\u00f3w przed egzaminem poprawkowym w dniu 24 sierpnia 2022 r. (\u015broda) &#8211; nauczyciele ucz\u0105cy danych uczni\u00f3w, w godz. 9.00 &#8211; 11.00.<\/p>\n<p style=\"padding-left: 40px;\"><strong>W terminach egzamin\u00f3w poprawkowych oraz w dniach 29 i 30 odb\u0119d\u0105 si\u0119 te\u017c <em>zaliczenia<\/em> r\u00f3\u017cnic programowych dla uczni\u00f3w, kt\u00f3rzy chc\u0105 zmieni\u0107 profil klasy.<\/strong><\/p>\n<p style=\"padding-left: 40px;\">Szczeg\u00f3\u0142y nale\u017cy ustali\u0107 z nauczycielem danego przedmiotu:<br \/>\nj\u0119zyk polski i j\u0119zyk niemiecki &#8211; 25 sierpnia 2022 r.,<br \/>\nmatematyka, historia &#8211; 26 sierpnia 2022 r.,<br \/>\npozosta\u0142e przedmioty &#8211; 29 i 30 sierpnia 2022 r.<\/p>\n","protected":false},"excerpt":{"rendered":"<p>EGZAMINY POPRAWKOWE 2022 &#8211; 25 i 26 sierpnia 2022 r. w dniu 24 sierpnia 2022 r. &#8211; konsultacje przedmiotowe Lp. Przedmiot Data i godzina 1 j\u0119zyk polski 25 sierpnia, godz. 9.00 &#8211; cz. pisemna, od godz. 10.30 &#8211; cz\u0119\u015b\u0107 ustna 2 biologia 25 sierpnia, godz. 9.00 &#8211; cz. pisemna, od godz. 10.30 &#8211; cz\u0119\u015b\u0107 ustna&#8230;<\/p>\n","protected":false},"author":4,"featured_media":9264,"comment_status":"closed","ping_status":"closed","sticky":false,"template":"","format":"gallery","meta":{"_acf_changed":false,"_s2mail":"","footnotes":""},"categories":[1],"tags":[],"class_list":["post-10811","post","type-post","status-publish","format-gallery","has-post-thumbnail","hentry","category-bez-kategorii","post_format-post-format-gallery"],"acf":[],"_links":{"self":[{"href":"https:\/\/lo6.szczecin.pl\/index.php\/wp-json\/wp\/v2\/posts\/10811","targetHints":{"allow":["GET"]}}],"collection":[{"href":"https:\/\/lo6.szczecin.pl\/index.php\/wp-json\/wp\/v2\/posts"}],"about":[{"href":"https:\/\/lo6.szczecin.pl\/index.php\/wp-json\/wp\/v2\/types\/post"}],"author":[{"embeddable":true,"href":"https:\/\/lo6.szczecin.pl\/index.php\/wp-json\/wp\/v2\/users\/4"}],"replies":[{"embeddable":true,"href":"https:\/\/lo6.szczecin.pl\/index.php\/wp-json\/wp\/v2\/comments?post=10811"}],"version-history":[{"count":8,"href":"https:\/\/lo6.szczecin.pl\/index.php\/wp-json\/wp\/v2\/posts\/10811\/revisions"}],"predecessor-version":[{"id":10832,"href":"https:\/\/lo6.szczecin.pl\/index.php\/wp-json\/wp\/v2\/posts\/10811\/revisions\/10832"}],"wp:featuredmedia":[{"embeddable":true,"href":"https:\/\/lo6.szczecin.pl\/index.php\/wp-json\/wp\/v2\/media\/9264"}],"wp:attachment":[{"href":"https:\/\/lo6.szczecin.pl\/index.php\/wp-json\/wp\/v2\/media?parent=10811"}],"wp:term":[{"taxonomy":"category","embeddable":true,"href":"https:\/\/lo6.szczecin.pl\/index.php\/wp-json\/wp\/v2\/categories?post=10811"},{"taxonomy":"post_tag","embeddable":true,"href":"https:\/\/lo6.szczecin.pl\/index.php\/wp-json\/wp\/v2\/tags?post=10811"}],"curies":[{"name":"wp","href":"https:\/\/api.w.org\/{rel}","templated":true}]}}