{"id":10784,"date":"2022-06-23T12:18:21","date_gmt":"2022-06-23T10:18:21","guid":{"rendered":"https:\/\/lo6.szczecin.pl\/?p=10784"},"modified":"2022-06-23T12:19:01","modified_gmt":"2022-06-23T10:19:01","slug":"zakonczenie-roku-szkolnego-2021-2022","status":"publish","type":"post","link":"https:\/\/lo6.szczecin.pl\/index.php\/2022\/06\/23\/zakonczenie-roku-szkolnego-2021-2022\/","title":{"rendered":"Zako\u0144czenie roku szkolnego 2021\/2022"},"content":{"rendered":"<p style=\"padding-left: 40px;\">Zako\u0144czenie roku szkolnego 2021\/2022 uczni\u00f3w klas I, II i III odb\u0119dzie si\u0119 na placu przy sali gimnastycznej o godz. 9.00.<\/p>\n","protected":false},"excerpt":{"rendered":"<p>Zako\u0144czenie roku szkolnego 2021\/2022 uczni\u00f3w klas I, II i III odb\u0119dzie si\u0119 na placu przy sali gimnastycznej o godz. 9.00.<\/p>\n","protected":false},"author":4,"featured_media":10786,"comment_status":"closed","ping_status":"closed","sticky":false,"template":"","format":"gallery","meta":{"_acf_changed":false,"_s2mail":"","footnotes":""},"categories":[1],"tags":[],"class_list":["post-10784","post","type-post","status-publish","format-gallery","has-post-thumbnail","hentry","category-bez-kategorii","post_format-post-format-gallery"],"acf":[],"_links":{"self":[{"href":"https:\/\/lo6.szczecin.pl\/index.php\/wp-json\/wp\/v2\/posts\/10784","targetHints":{"allow":["GET"]}}],"collection":[{"href":"https:\/\/lo6.szczecin.pl\/index.php\/wp-json\/wp\/v2\/posts"}],"about":[{"href":"https:\/\/lo6.szczecin.pl\/index.php\/wp-json\/wp\/v2\/types\/post"}],"author":[{"embeddable":true,"href":"https:\/\/lo6.szczecin.pl\/index.php\/wp-json\/wp\/v2\/users\/4"}],"replies":[{"embeddable":true,"href":"https:\/\/lo6.szczecin.pl\/index.php\/wp-json\/wp\/v2\/comments?post=10784"}],"version-history":[{"count":1,"href":"https:\/\/lo6.szczecin.pl\/index.php\/wp-json\/wp\/v2\/posts\/10784\/revisions"}],"predecessor-version":[{"id":10785,"href":"https:\/\/lo6.szczecin.pl\/index.php\/wp-json\/wp\/v2\/posts\/10784\/revisions\/10785"}],"wp:featuredmedia":[{"embeddable":true,"href":"https:\/\/lo6.szczecin.pl\/index.php\/wp-json\/wp\/v2\/media\/10786"}],"wp:attachment":[{"href":"https:\/\/lo6.szczecin.pl\/index.php\/wp-json\/wp\/v2\/media?parent=10784"}],"wp:term":[{"taxonomy":"category","embeddable":true,"href":"https:\/\/lo6.szczecin.pl\/index.php\/wp-json\/wp\/v2\/categories?post=10784"},{"taxonomy":"post_tag","embeddable":true,"href":"https:\/\/lo6.szczecin.pl\/index.php\/wp-json\/wp\/v2\/tags?post=10784"}],"curies":[{"name":"wp","href":"https:\/\/api.w.org\/{rel}","templated":true}]}}