{"id":10777,"date":"2022-06-09T10:38:14","date_gmt":"2022-06-09T08:38:14","guid":{"rendered":"https:\/\/lo6.szczecin.pl\/?p=10777"},"modified":"2022-06-09T10:39:43","modified_gmt":"2022-06-09T08:39:43","slug":"platforma-bezplatnych-uslug-specjalistycznych-swiadczonych-on-line-dla-wszystkich-mieszkancow-pomorza-zachodniego","status":"publish","type":"post","link":"https:\/\/lo6.szczecin.pl\/index.php\/2022\/06\/09\/platforma-bezplatnych-uslug-specjalistycznych-swiadczonych-on-line-dla-wszystkich-mieszkancow-pomorza-zachodniego\/","title":{"rendered":"Platforma bezp\u0142atnych us\u0142ug specjalistycznych \u015bwiadczonych on-line dla wszystkich mieszka\u0144c\u00f3w Pomorza Zachodniego."},"content":{"rendered":"<div style=\"padding-left: 40px;\">Szanowni Pa\u0144stwo,<\/div>\n<div style=\"padding-left: 40px;\">uprzejmie informuj\u0119, i\u017c w ramach projektu <em>Regionalna Akademia Dzieci i M\u0142odzie\u017cy<\/em> realizowanego przez Samorz\u0105d Wojew\u00f3dztwa w partnerstwie z 7 powiatami i jedn\u0105 gmin\u0105 powsta\u0142a Platforma Us\u0142ug Specjalistycznych. Jest to Platforma on-line oferuj\u0105ca bezp\u0142atnie us\u0142ugi wsparcia i doradztwa, w spos\u00f3b przyjazny dla u\u017cytkownika. Wyb\u00f3r spo\u015br\u00f3d szerokiego wachlarza specjalist\u00f3w (psycholog, pedagog, terapeuta, doradca zawodowy, seksuolog, mediator, prawnik, asystent dorastania i inni) umo\u017cliwia wsp\u00f3\u0142praca z Ko\u0142obrzesk\u0105 Fundacj\u0105 <em>Na przek\u00f3r przeciwno\u015bciom<\/em>.<\/div>\n<div style=\"padding-left: 40px;\">To ca\u0142kowicie bezpieczna i bezproblemowa forma pomocy \u015bwiadczonej on-line dla wszystkich mieszka\u0144c\u00f3w Pomorza Zachodniego.<\/div>\n<div style=\"padding-left: 40px;\">Wystarczy wej\u015b\u0107 na stron\u0119 <a href=\"http:\/\/WWW.SPECLINE.PL\">WWW.SPECLINE.PL<\/a>, klikn\u0105\u0107 w wybran\u0105 form\u0119 wsparcia i korzysta\u0107.<\/div>\n<div style=\"padding-left: 40px;\">Wsp\u00f3\u0142praca z Ko\u0142obrzesk\u0105 Fundacj\u0105<em> Na przek\u00f3r przeciwno\u015bciom<\/em> zapewnia ci\u0105g\u0142y dost\u0119p do specjalist\u00f3w, a forma wsparcia i spos\u00f3b komunikacji dobierane s\u0105 indywidualnie wed\u0142ug potrzeby u\u017cytkownika.<\/div>\n<div style=\"padding-left: 40px;\">Szczeg\u00f3\u0142owe informacje na stronie <a href=\"https:\/\/rops.wzp.pl\/aktualnosci-rops\/bezplatne-uslugi-wsparcia-i-doradztwa-specjalistow-line\" target=\"_blank\" rel=\"noopener\">https:\/\/rops.wzp.pl\/aktualnosci-rops\/bezplatne-uslugi-wsparcia-i-doradztwa-specjalistow-line<\/a><\/div>\n<div style=\"padding-left: 40px;\">Zapraszam do zapoznania si\u0119 w ww. ofert\u0105.<\/div>\n<div style=\"padding-left: 40px;\"><\/div>\n<div style=\"padding-left: 40px;\">Z powa\u017caniem<\/div>\n<div style=\"padding-left: 40px;\">Iwona Potrykus<\/div>\n<div style=\"padding-left: 40px;\">Dyrektor Wydzia\u0142u o\u015bwiaty<\/div>\n<div style=\"padding-left: 40px;\"><\/div>\n","protected":false},"excerpt":{"rendered":"<p>Szanowni Pa\u0144stwo, uprzejmie informuj\u0119, i\u017c w ramach projektu Regionalna Akademia Dzieci i M\u0142odzie\u017cy realizowanego przez Samorz\u0105d Wojew\u00f3dztwa w partnerstwie z 7 powiatami i jedn\u0105 gmin\u0105 powsta\u0142a Platforma Us\u0142ug Specjalistycznych. Jest to Platforma on-line oferuj\u0105ca bezp\u0142atnie us\u0142ugi wsparcia i doradztwa, w spos\u00f3b przyjazny dla u\u017cytkownika. Wyb\u00f3r spo\u015br\u00f3d szerokiego wachlarza specjalist\u00f3w (psycholog, pedagog, terapeuta, doradca zawodowy, seksuolog,&#8230;<\/p>\n","protected":false},"author":4,"featured_media":10778,"comment_status":"closed","ping_status":"closed","sticky":false,"template":"","format":"gallery","meta":{"_acf_changed":false,"_s2mail":"","footnotes":""},"categories":[1],"tags":[],"class_list":["post-10777","post","type-post","status-publish","format-gallery","has-post-thumbnail","hentry","category-bez-kategorii","post_format-post-format-gallery"],"acf":[],"_links":{"self":[{"href":"https:\/\/lo6.szczecin.pl\/index.php\/wp-json\/wp\/v2\/posts\/10777","targetHints":{"allow":["GET"]}}],"collection":[{"href":"https:\/\/lo6.szczecin.pl\/index.php\/wp-json\/wp\/v2\/posts"}],"about":[{"href":"https:\/\/lo6.szczecin.pl\/index.php\/wp-json\/wp\/v2\/types\/post"}],"author":[{"embeddable":true,"href":"https:\/\/lo6.szczecin.pl\/index.php\/wp-json\/wp\/v2\/users\/4"}],"replies":[{"embeddable":true,"href":"https:\/\/lo6.szczecin.pl\/index.php\/wp-json\/wp\/v2\/comments?post=10777"}],"version-history":[{"count":2,"href":"https:\/\/lo6.szczecin.pl\/index.php\/wp-json\/wp\/v2\/posts\/10777\/revisions"}],"predecessor-version":[{"id":10781,"href":"https:\/\/lo6.szczecin.pl\/index.php\/wp-json\/wp\/v2\/posts\/10777\/revisions\/10781"}],"wp:featuredmedia":[{"embeddable":true,"href":"https:\/\/lo6.szczecin.pl\/index.php\/wp-json\/wp\/v2\/media\/10778"}],"wp:attachment":[{"href":"https:\/\/lo6.szczecin.pl\/index.php\/wp-json\/wp\/v2\/media?parent=10777"}],"wp:term":[{"taxonomy":"category","embeddable":true,"href":"https:\/\/lo6.szczecin.pl\/index.php\/wp-json\/wp\/v2\/categories?post=10777"},{"taxonomy":"post_tag","embeddable":true,"href":"https:\/\/lo6.szczecin.pl\/index.php\/wp-json\/wp\/v2\/tags?post=10777"}],"curies":[{"name":"wp","href":"https:\/\/api.w.org\/{rel}","templated":true}]}}