{"id":10724,"date":"2022-05-12T12:19:36","date_gmt":"2022-05-12T10:19:36","guid":{"rendered":"https:\/\/lo6.szczecin.pl\/?p=10724"},"modified":"2022-05-12T12:23:06","modified_gmt":"2022-05-12T10:23:06","slug":"zebrania-z-rodzicami-26","status":"publish","type":"post","link":"https:\/\/lo6.szczecin.pl\/index.php\/2022\/05\/12\/zebrania-z-rodzicami-26\/","title":{"rendered":"Zebrania z Rodzicami"},"content":{"rendered":"<p style=\"padding-left: 40px;\">Dnia <strong>19 maja br. o godzinie 17.00 i 18.00<\/strong> odb\u0119d\u0105 si\u0119 zabrania z rodzicami uczni\u00f3w klas I, II i III.<\/p>\n<p style=\"padding-left: 40px;\">Wyj\u0105tek stanowi <strong>klasa 1a<\/strong>, kt\u00f3rej zebranie odb\u0119dzie si\u0119 dnia <strong>18 maja br<\/strong>.<\/p>\n<ol>\n<li style=\"list-style-type: none;\">\n<ol>\n<li><strong>Zebrania z rodzicami uczni\u00f3w klas I i II &#8211; godz. 17.00<\/strong><\/li>\n<li><strong>Zebrania z rodzicami uczni\u00f3w klas III po SP &#8211; godz. 18.00 <\/strong><\/li>\n<\/ol>\n<\/li>\n<\/ol>\n<p style=\"padding-left: 40px;\"><strong>Tematem zebra\u0144 s\u0105 <\/strong><em>Przewidywane oceny roczne uczni\u00f3w klas I, II i III z\u00a0przedmiot\u00f3w i\u00a0zachowania, zagro\u017cenia ocenami niedostatecznymi<\/em><\/p>\n<p style=\"padding-left: 40px;\"><strong>W czasie zebra\u0144 b\u0119d\u0105 odbywa\u0142y si\u0119 indywidualne konsultacje dla rodzic\u00f3w ? wszyscy nauczyciele w godz. 17.00 ? 19.00<\/strong><\/p>\n<p style=\"padding-left: 40px;\">ZEBRANIA i KONSULTACJE W FORMIE STACJONARNEJ<\/p>\n","protected":false},"excerpt":{"rendered":"<p>Dnia 19 maja br. o godzinie 17.00 i 18.00 odb\u0119d\u0105 si\u0119 zabrania z rodzicami uczni\u00f3w klas I, II i III. Wyj\u0105tek stanowi klasa 1a, kt\u00f3rej zebranie odb\u0119dzie si\u0119 dnia 18 maja br. Zebrania z rodzicami uczni\u00f3w klas I i II &#8211; godz. 17.00 Zebrania z rodzicami uczni\u00f3w klas III po SP &#8211; godz. 18.00 Tematem&#8230;<\/p>\n","protected":false},"author":4,"featured_media":0,"comment_status":"closed","ping_status":"closed","sticky":false,"template":"","format":"gallery","meta":{"_acf_changed":false,"_s2mail":"","footnotes":""},"categories":[1],"tags":[],"class_list":["post-10724","post","type-post","status-publish","format-gallery","hentry","category-bez-kategorii","post_format-post-format-gallery"],"acf":[],"_links":{"self":[{"href":"https:\/\/lo6.szczecin.pl\/index.php\/wp-json\/wp\/v2\/posts\/10724","targetHints":{"allow":["GET"]}}],"collection":[{"href":"https:\/\/lo6.szczecin.pl\/index.php\/wp-json\/wp\/v2\/posts"}],"about":[{"href":"https:\/\/lo6.szczecin.pl\/index.php\/wp-json\/wp\/v2\/types\/post"}],"author":[{"embeddable":true,"href":"https:\/\/lo6.szczecin.pl\/index.php\/wp-json\/wp\/v2\/users\/4"}],"replies":[{"embeddable":true,"href":"https:\/\/lo6.szczecin.pl\/index.php\/wp-json\/wp\/v2\/comments?post=10724"}],"version-history":[{"count":2,"href":"https:\/\/lo6.szczecin.pl\/index.php\/wp-json\/wp\/v2\/posts\/10724\/revisions"}],"predecessor-version":[{"id":10726,"href":"https:\/\/lo6.szczecin.pl\/index.php\/wp-json\/wp\/v2\/posts\/10724\/revisions\/10726"}],"wp:attachment":[{"href":"https:\/\/lo6.szczecin.pl\/index.php\/wp-json\/wp\/v2\/media?parent=10724"}],"wp:term":[{"taxonomy":"category","embeddable":true,"href":"https:\/\/lo6.szczecin.pl\/index.php\/wp-json\/wp\/v2\/categories?post=10724"},{"taxonomy":"post_tag","embeddable":true,"href":"https:\/\/lo6.szczecin.pl\/index.php\/wp-json\/wp\/v2\/tags?post=10724"}],"curies":[{"name":"wp","href":"https:\/\/api.w.org\/{rel}","templated":true}]}}