{"id":10707,"date":"2022-05-09T10:44:40","date_gmt":"2022-05-09T08:44:40","guid":{"rendered":"https:\/\/lo6.szczecin.pl\/?p=10707"},"modified":"2022-05-11T11:14:29","modified_gmt":"2022-05-11T09:14:29","slug":"ruszyl-nabor","status":"publish","type":"post","link":"https:\/\/lo6.szczecin.pl\/index.php\/2022\/05\/09\/ruszyl-nabor\/","title":{"rendered":"Ruszy\u0142 nab\u00f3r"},"content":{"rendered":"<p style=\"padding-left: 40px;\"><strong>Dnia 9 maja br.<\/strong> ruszy\u0142a zdalna rekrutacja do szk\u00f3\u0142 ponadpodstawowych na rok szkolny 2022\/2023.<br \/>\nRekrutacja odbywa si\u0119 w pe\u0142ni elektronicznie, co oznacza, \u017ce kandydaci mog\u0105 sk\u0142ada\u0107 wnioski i zamieszcza\u0107 wszystkie niezb\u0119dne za\u0142\u0105czniki wraz ze \u015bwiadectwem i wynikami egzaminu \u00f3smoklasisty w systemie Nab\u00f3r (na swoim indywidualnym koncie) bez konieczno\u015bci osobistego stawiennictwa w szkole.<\/p>\n<p style=\"padding-left: 40px;\"><strong>Szczeg\u00f3\u0142owa instrukcja dotycz\u0105ca elektronicznego wype\u0142niania i sk\u0142adania wniosku dost\u0119pna jest na stronie <a href=\"https:\/\/nabor.pcss.pl\/szczecin\/szkolaponadpodstawowa\/\">Naboru<\/a><br \/>\n<\/strong><\/p>\n<p style=\"padding-left: 40px; text-align: left;\"><iframe style=\"width: 600px; height: 400px;\" src=\"https:\/\/online.fliphtml5.com\/vfxic\/ieve\/\" frameborder=\"0\" scrolling=\"no\" seamless=\"seamless\" allowfullscreen=\"allowfullscreen\"><\/iframe><\/p>\n","protected":false},"excerpt":{"rendered":"<p>Dnia 9 maja br. ruszy\u0142a zdalna rekrutacja do szk\u00f3\u0142 ponadpodstawowych na rok szkolny 2022\/2023. Rekrutacja odbywa si\u0119 w pe\u0142ni elektronicznie, co oznacza, \u017ce kandydaci mog\u0105 sk\u0142ada\u0107 wnioski i zamieszcza\u0107 wszystkie niezb\u0119dne za\u0142\u0105czniki wraz ze \u015bwiadectwem i wynikami egzaminu \u00f3smoklasisty w systemie Nab\u00f3r (na swoim indywidualnym koncie) bez konieczno\u015bci osobistego stawiennictwa w szkole. Szczeg\u00f3\u0142owa instrukcja dotycz\u0105ca&#8230;<\/p>\n","protected":false},"author":4,"featured_media":8905,"comment_status":"closed","ping_status":"closed","sticky":false,"template":"","format":"gallery","meta":{"_acf_changed":false,"_s2mail":"","footnotes":""},"categories":[1],"tags":[],"class_list":["post-10707","post","type-post","status-publish","format-gallery","has-post-thumbnail","hentry","category-bez-kategorii","post_format-post-format-gallery"],"acf":[],"_links":{"self":[{"href":"https:\/\/lo6.szczecin.pl\/index.php\/wp-json\/wp\/v2\/posts\/10707","targetHints":{"allow":["GET"]}}],"collection":[{"href":"https:\/\/lo6.szczecin.pl\/index.php\/wp-json\/wp\/v2\/posts"}],"about":[{"href":"https:\/\/lo6.szczecin.pl\/index.php\/wp-json\/wp\/v2\/types\/post"}],"author":[{"embeddable":true,"href":"https:\/\/lo6.szczecin.pl\/index.php\/wp-json\/wp\/v2\/users\/4"}],"replies":[{"embeddable":true,"href":"https:\/\/lo6.szczecin.pl\/index.php\/wp-json\/wp\/v2\/comments?post=10707"}],"version-history":[{"count":6,"href":"https:\/\/lo6.szczecin.pl\/index.php\/wp-json\/wp\/v2\/posts\/10707\/revisions"}],"predecessor-version":[{"id":10720,"href":"https:\/\/lo6.szczecin.pl\/index.php\/wp-json\/wp\/v2\/posts\/10707\/revisions\/10720"}],"wp:featuredmedia":[{"embeddable":true,"href":"https:\/\/lo6.szczecin.pl\/index.php\/wp-json\/wp\/v2\/media\/8905"}],"wp:attachment":[{"href":"https:\/\/lo6.szczecin.pl\/index.php\/wp-json\/wp\/v2\/media?parent=10707"}],"wp:term":[{"taxonomy":"category","embeddable":true,"href":"https:\/\/lo6.szczecin.pl\/index.php\/wp-json\/wp\/v2\/categories?post=10707"},{"taxonomy":"post_tag","embeddable":true,"href":"https:\/\/lo6.szczecin.pl\/index.php\/wp-json\/wp\/v2\/tags?post=10707"}],"curies":[{"name":"wp","href":"https:\/\/api.w.org\/{rel}","templated":true}]}}