{"id":10693,"date":"2022-04-25T13:19:30","date_gmt":"2022-04-25T11:19:30","guid":{"rendered":"https:\/\/lo6.szczecin.pl\/?p=10693"},"modified":"2022-04-25T13:19:30","modified_gmt":"2022-04-25T11:19:30","slug":"uroczyste-zakonczenie-roku-szkolnego-klas-iii-2","status":"publish","type":"post","link":"https:\/\/lo6.szczecin.pl\/index.php\/2022\/04\/25\/uroczyste-zakonczenie-roku-szkolnego-klas-iii-2\/","title":{"rendered":"Uroczyste Zako\u0144czenie Roku Szkolnego klas III"},"content":{"rendered":"<p style=\"padding-left: 40px;\">W dniu 29.04.2022 roku (pi\u0105tek) o godz. 12:00 na sali gimnastycznej przy ul. Jagiello\u0144skiej 62, odb\u0119dzie si\u0119 Uroczyste Zako\u0144czenie Roku Szkolnego klas III VI Liceum Og\u00f3lnokszta\u0142c\u0105cego im. Stefana Czarnieckiego w Szczecinie.<\/p>\n<p style=\"padding-left: 40px;\">Serdecznie zapraszamy Rodzic\u00f3w absolwent\u00f3w do udzia\u0142u w tym wydarzeniu.<\/p>\n","protected":false},"excerpt":{"rendered":"<p>W dniu 29.04.2022 roku (pi\u0105tek) o godz. 12:00 na sali gimnastycznej przy ul. Jagiello\u0144skiej 62, odb\u0119dzie si\u0119 Uroczyste Zako\u0144czenie Roku Szkolnego klas III VI Liceum Og\u00f3lnokszta\u0142c\u0105cego im. Stefana Czarnieckiego w Szczecinie. Serdecznie zapraszamy Rodzic\u00f3w absolwent\u00f3w do udzia\u0142u w tym wydarzeniu.<\/p>\n","protected":false},"author":4,"featured_media":6624,"comment_status":"closed","ping_status":"closed","sticky":false,"template":"","format":"standard","meta":{"_acf_changed":false,"_s2mail":"","footnotes":""},"categories":[1],"tags":[],"class_list":["post-10693","post","type-post","status-publish","format-standard","has-post-thumbnail","hentry","category-bez-kategorii"],"acf":[],"_links":{"self":[{"href":"https:\/\/lo6.szczecin.pl\/index.php\/wp-json\/wp\/v2\/posts\/10693","targetHints":{"allow":["GET"]}}],"collection":[{"href":"https:\/\/lo6.szczecin.pl\/index.php\/wp-json\/wp\/v2\/posts"}],"about":[{"href":"https:\/\/lo6.szczecin.pl\/index.php\/wp-json\/wp\/v2\/types\/post"}],"author":[{"embeddable":true,"href":"https:\/\/lo6.szczecin.pl\/index.php\/wp-json\/wp\/v2\/users\/4"}],"replies":[{"embeddable":true,"href":"https:\/\/lo6.szczecin.pl\/index.php\/wp-json\/wp\/v2\/comments?post=10693"}],"version-history":[{"count":1,"href":"https:\/\/lo6.szczecin.pl\/index.php\/wp-json\/wp\/v2\/posts\/10693\/revisions"}],"predecessor-version":[{"id":10694,"href":"https:\/\/lo6.szczecin.pl\/index.php\/wp-json\/wp\/v2\/posts\/10693\/revisions\/10694"}],"wp:featuredmedia":[{"embeddable":true,"href":"https:\/\/lo6.szczecin.pl\/index.php\/wp-json\/wp\/v2\/media\/6624"}],"wp:attachment":[{"href":"https:\/\/lo6.szczecin.pl\/index.php\/wp-json\/wp\/v2\/media?parent=10693"}],"wp:term":[{"taxonomy":"category","embeddable":true,"href":"https:\/\/lo6.szczecin.pl\/index.php\/wp-json\/wp\/v2\/categories?post=10693"},{"taxonomy":"post_tag","embeddable":true,"href":"https:\/\/lo6.szczecin.pl\/index.php\/wp-json\/wp\/v2\/tags?post=10693"}],"curies":[{"name":"wp","href":"https:\/\/api.w.org\/{rel}","templated":true}]}}