{"id":10666,"date":"2022-04-22T11:49:19","date_gmt":"2022-04-22T09:49:19","guid":{"rendered":"https:\/\/lo6.szczecin.pl\/?p=10666"},"modified":"2022-04-22T11:49:39","modified_gmt":"2022-04-22T09:49:39","slug":"vi-lo-w-the-simsach","status":"publish","type":"post","link":"https:\/\/lo6.szczecin.pl\/index.php\/2022\/04\/22\/vi-lo-w-the-simsach\/","title":{"rendered":"VI LO w Sims&#8217;ach"},"content":{"rendered":"<div class=\"kvgmc6g5 cxmmr5t8 oygrvhab hcukyx3x c1et5uql ii04i59q\">\n<div dir=\"auto\" style=\"padding-left: 80px;\"><\/div>\n<div dir=\"auto\" style=\"padding-left: 80px;\">Tym razem zapraszamy wszystkich uczni\u00f3w naszej Szko\u0142y oraz kandydat\u00f3w ze szk\u00f3\u0142 podstawowych zapraszamy do zapoznania si\u0119 grafikami VI LO utworzonymi w grze The Sims.<\/div>\n<div dir=\"auto\"><\/div>\n<\/div>\n<div class=\"cxmmr5t8 oygrvhab hcukyx3x c1et5uql o9v6fnle ii04i59q\" style=\"padding-left: 40px;\">\n<div dir=\"auto\" style=\"padding-left: 40px;\">Kolejne grafiki przedstawiaj\u0105 budynek szko\u0142y z zewn\u0105trz oraz jej wn\u0119trza: korytarze, sale lekcyjne, bibliotek\u0119, klub itp.<\/div>\n<div dir=\"auto\" style=\"padding-left: 40px;\">Przysz\u0142ym uczniom pozwoli to zapozna\u0107 si\u0119 ze szko\u0142\u0105 przed rozpocz\u0119ciem w niej nauki.<\/div>\n<div dir=\"auto\"><\/div>\n<\/div>\n<div class=\"cxmmr5t8 oygrvhab hcukyx3x c1et5uql o9v6fnle ii04i59q\" style=\"padding-left: 40px;\">\n<div dir=\"auto\" style=\"padding-left: 40px;\">Serdeczne podzi\u0119kowania kierujemy do uczennic klasy 2c, dzi\u0119ki kt\u00f3rym powsta\u0142 wirtualny wizerunek Sz\u00f3stki tj. Martynie Kowalskiej i Lidii Soi\u0144skiej.<\/div>\n<\/div>\n","protected":false},"excerpt":{"rendered":"<p>Tym razem zapraszamy wszystkich uczni\u00f3w naszej Szko\u0142y oraz kandydat\u00f3w ze szk\u00f3\u0142 podstawowych zapraszamy do zapoznania si\u0119 grafikami VI LO utworzonymi w grze The Sims. Kolejne grafiki przedstawiaj\u0105 budynek szko\u0142y z zewn\u0105trz oraz jej wn\u0119trza: korytarze, sale lekcyjne, bibliotek\u0119, klub itp. Przysz\u0142ym uczniom pozwoli to zapozna\u0107 si\u0119 ze szko\u0142\u0105 przed rozpocz\u0119ciem w niej nauki. Serdeczne podzi\u0119kowania&#8230;<\/p>\n","protected":false},"author":4,"featured_media":10669,"comment_status":"closed","ping_status":"closed","sticky":false,"template":"","format":"gallery","meta":{"_acf_changed":false,"_s2mail":"","footnotes":""},"categories":[1],"tags":[],"class_list":["post-10666","post","type-post","status-publish","format-gallery","has-post-thumbnail","hentry","category-bez-kategorii","post_format-post-format-gallery"],"acf":[],"_links":{"self":[{"href":"https:\/\/lo6.szczecin.pl\/index.php\/wp-json\/wp\/v2\/posts\/10666","targetHints":{"allow":["GET"]}}],"collection":[{"href":"https:\/\/lo6.szczecin.pl\/index.php\/wp-json\/wp\/v2\/posts"}],"about":[{"href":"https:\/\/lo6.szczecin.pl\/index.php\/wp-json\/wp\/v2\/types\/post"}],"author":[{"embeddable":true,"href":"https:\/\/lo6.szczecin.pl\/index.php\/wp-json\/wp\/v2\/users\/4"}],"replies":[{"embeddable":true,"href":"https:\/\/lo6.szczecin.pl\/index.php\/wp-json\/wp\/v2\/comments?post=10666"}],"version-history":[{"count":2,"href":"https:\/\/lo6.szczecin.pl\/index.php\/wp-json\/wp\/v2\/posts\/10666\/revisions"}],"predecessor-version":[{"id":10689,"href":"https:\/\/lo6.szczecin.pl\/index.php\/wp-json\/wp\/v2\/posts\/10666\/revisions\/10689"}],"wp:featuredmedia":[{"embeddable":true,"href":"https:\/\/lo6.szczecin.pl\/index.php\/wp-json\/wp\/v2\/media\/10669"}],"wp:attachment":[{"href":"https:\/\/lo6.szczecin.pl\/index.php\/wp-json\/wp\/v2\/media?parent=10666"}],"wp:term":[{"taxonomy":"category","embeddable":true,"href":"https:\/\/lo6.szczecin.pl\/index.php\/wp-json\/wp\/v2\/categories?post=10666"},{"taxonomy":"post_tag","embeddable":true,"href":"https:\/\/lo6.szczecin.pl\/index.php\/wp-json\/wp\/v2\/tags?post=10666"}],"curies":[{"name":"wp","href":"https:\/\/api.w.org\/{rel}","templated":true}]}}