{"id":10657,"date":"2022-04-21T13:05:11","date_gmt":"2022-04-21T11:05:11","guid":{"rendered":"https:\/\/lo6.szczecin.pl\/?p=10657"},"modified":"2022-04-21T14:40:48","modified_gmt":"2022-04-21T12:40:48","slug":"vi-lo-w-minecraftcie","status":"publish","type":"post","link":"https:\/\/lo6.szczecin.pl\/index.php\/2022\/04\/21\/vi-lo-w-minecraftcie\/","title":{"rendered":"VI LO w Minecraft&#8217;cie"},"content":{"rendered":"<p style=\"padding-left: 40px;\">Zapraszamy wszystkich uczni\u00f3w naszej Szko\u0142y oraz kandydat\u00f3w ze szk\u00f3\u0142 podstawowych do odwiedzenia wirtualnej wersji VI LO.<\/p>\n<p style=\"padding-left: 40px;\"><span data-offset-key=\"7mqh6-0-0\">Wszystkich, kt\u00f3rzy zat\u0119skni\u0105 za szko\u0142\u0105 zach\u0119camy do przej\u015bcia si\u0119 po jej korytarzach, zajrzenia do sal lekcyjnych, biblioteki, klubu i innych zakamark\u00f3w szko\u0142y oraz przeniesienia si\u0119 do wirtualnego \u015bwiata. Przysz\u0142ych uczni\u00f3w zach\u0119camy do zapoznania si\u0119 z <\/span><span data-offset-key=\"7mqh6-1-0\">wn\u0119trzami<\/span><span data-offset-key=\"7mqh6-2-0\"> Sz\u00f3stki, przed rozpocz\u0119ciem nauki w szkole.<\/span><\/p>\n<p style=\"padding-left: 40px;\">Adres serwera: <a href=\"https:\/\/www.planetminecraft.com\/project\/vi-lo-szczecin\/\">MINECRAFT <\/a><\/p>\n<p style=\"padding-left: 40px;\">Serdeczne podzi\u0119kowania kierujemy do uczni\u00f3w klasy 2c, dzi\u0119ki kt\u00f3rym powsta\u0142 wirtualny wizerunek Sz\u00f3stki:<\/p>\n<p style=\"padding-left: 40px;\">Piotra Bagniaka, Ignacego Bi\u0144ka, Adama Glinkowskiego, Eryka Karczy\u0144skiego, Franciszka Kubiaka, Gracjana Kilanowskiego i Mai Typek.<\/p>\n","protected":false},"excerpt":{"rendered":"<p>Zapraszamy wszystkich uczni\u00f3w naszej Szko\u0142y oraz kandydat\u00f3w ze szk\u00f3\u0142 podstawowych do odwiedzenia wirtualnej wersji VI LO. Wszystkich, kt\u00f3rzy zat\u0119skni\u0105 za szko\u0142\u0105 zach\u0119camy do przej\u015bcia si\u0119 po jej korytarzach, zajrzenia do sal lekcyjnych, biblioteki, klubu i innych zakamark\u00f3w szko\u0142y oraz przeniesienia si\u0119 do wirtualnego \u015bwiata. Przysz\u0142ych uczni\u00f3w zach\u0119camy do zapoznania si\u0119 z wn\u0119trzami Sz\u00f3stki, przed rozpocz\u0119ciem&#8230;<\/p>\n","protected":false},"author":4,"featured_media":10658,"comment_status":"closed","ping_status":"closed","sticky":false,"template":"","format":"gallery","meta":{"_acf_changed":false,"_s2mail":"","footnotes":""},"categories":[1],"tags":[],"class_list":["post-10657","post","type-post","status-publish","format-gallery","has-post-thumbnail","hentry","category-bez-kategorii","post_format-post-format-gallery"],"acf":[],"_links":{"self":[{"href":"https:\/\/lo6.szczecin.pl\/index.php\/wp-json\/wp\/v2\/posts\/10657","targetHints":{"allow":["GET"]}}],"collection":[{"href":"https:\/\/lo6.szczecin.pl\/index.php\/wp-json\/wp\/v2\/posts"}],"about":[{"href":"https:\/\/lo6.szczecin.pl\/index.php\/wp-json\/wp\/v2\/types\/post"}],"author":[{"embeddable":true,"href":"https:\/\/lo6.szczecin.pl\/index.php\/wp-json\/wp\/v2\/users\/4"}],"replies":[{"embeddable":true,"href":"https:\/\/lo6.szczecin.pl\/index.php\/wp-json\/wp\/v2\/comments?post=10657"}],"version-history":[{"count":6,"href":"https:\/\/lo6.szczecin.pl\/index.php\/wp-json\/wp\/v2\/posts\/10657\/revisions"}],"predecessor-version":[{"id":10664,"href":"https:\/\/lo6.szczecin.pl\/index.php\/wp-json\/wp\/v2\/posts\/10657\/revisions\/10664"}],"wp:featuredmedia":[{"embeddable":true,"href":"https:\/\/lo6.szczecin.pl\/index.php\/wp-json\/wp\/v2\/media\/10658"}],"wp:attachment":[{"href":"https:\/\/lo6.szczecin.pl\/index.php\/wp-json\/wp\/v2\/media?parent=10657"}],"wp:term":[{"taxonomy":"category","embeddable":true,"href":"https:\/\/lo6.szczecin.pl\/index.php\/wp-json\/wp\/v2\/categories?post=10657"},{"taxonomy":"post_tag","embeddable":true,"href":"https:\/\/lo6.szczecin.pl\/index.php\/wp-json\/wp\/v2\/tags?post=10657"}],"curies":[{"name":"wp","href":"https:\/\/api.w.org\/{rel}","templated":true}]}}