{"id":10651,"date":"2022-04-12T11:22:09","date_gmt":"2022-04-12T09:22:09","guid":{"rendered":"https:\/\/lo6.szczecin.pl\/?p=10651"},"modified":"2022-04-12T13:43:41","modified_gmt":"2022-04-12T11:43:41","slug":"dzien-otwarty-3","status":"publish","type":"post","link":"https:\/\/lo6.szczecin.pl\/index.php\/2022\/04\/12\/dzien-otwarty-3\/","title":{"rendered":"Dzie\u0144 Otwarty"},"content":{"rendered":"<p>&nbsp;<\/p>\n<header class=\"entry-header page-header\">\n<h3 class=\"entry-meta\">Drodzy \u00d3smoklasi\u015bci<\/h3>\n<\/header>\n<div class=\"entry-content\">\n<p><span class=\"has-inline-color has-vivid-red-color\">Zapraszamy Was do zapoznania si\u0119 z ofert\u0105 edukacyjn\u0105 naszej szko\u0142y podczas <\/span><span class=\"has-inline-color has-vivid-red-color\">Dnia Otwartego 23 kwietnia 2022 r. godz. 10.00-14.00!<\/span><\/p>\n<p>&nbsp;<\/p>\n<\/div>\n<p><a href=\"https:\/\/lo6.szczecin.pl\/index.php\/profile-klas-i\/\"><img loading=\"lazy\" decoding=\"async\" class=\"aligncenter size-large wp-image-10652\" src=\"https:\/\/lo6.szczecin.pl\/wp-content\/uploads\/2022\/04\/MicrosoftTeams-image-1-724x1024.png\" alt=\"\" width=\"724\" height=\"1024\" srcset=\"https:\/\/lo6.szczecin.pl\/wp-content\/uploads\/2022\/04\/MicrosoftTeams-image-1-724x1024.png 724w, https:\/\/lo6.szczecin.pl\/wp-content\/uploads\/2022\/04\/MicrosoftTeams-image-1-212x300.png 212w, https:\/\/lo6.szczecin.pl\/wp-content\/uploads\/2022\/04\/MicrosoftTeams-image-1-768x1086.png 768w, https:\/\/lo6.szczecin.pl\/wp-content\/uploads\/2022\/04\/MicrosoftTeams-image-1-1086x1536.png 1086w, https:\/\/lo6.szczecin.pl\/wp-content\/uploads\/2022\/04\/MicrosoftTeams-image-1.png 1352w\" sizes=\"auto, (max-width: 724px) 100vw, 724px\" \/><\/a><\/p>\n","protected":false},"excerpt":{"rendered":"<p>&nbsp; Drodzy \u00d3smoklasi\u015bci Zapraszamy Was do zapoznania si\u0119 z ofert\u0105 edukacyjn\u0105 naszej szko\u0142y podczas Dnia Otwartego 23 kwietnia 2022 r. godz. 10.00-14.00! &nbsp;<\/p>\n","protected":false},"author":4,"featured_media":8905,"comment_status":"closed","ping_status":"closed","sticky":false,"template":"","format":"gallery","meta":{"_acf_changed":false,"_s2mail":"","footnotes":""},"categories":[1],"tags":[],"class_list":["post-10651","post","type-post","status-publish","format-gallery","has-post-thumbnail","hentry","category-bez-kategorii","post_format-post-format-gallery"],"acf":[],"_links":{"self":[{"href":"https:\/\/lo6.szczecin.pl\/index.php\/wp-json\/wp\/v2\/posts\/10651","targetHints":{"allow":["GET"]}}],"collection":[{"href":"https:\/\/lo6.szczecin.pl\/index.php\/wp-json\/wp\/v2\/posts"}],"about":[{"href":"https:\/\/lo6.szczecin.pl\/index.php\/wp-json\/wp\/v2\/types\/post"}],"author":[{"embeddable":true,"href":"https:\/\/lo6.szczecin.pl\/index.php\/wp-json\/wp\/v2\/users\/4"}],"replies":[{"embeddable":true,"href":"https:\/\/lo6.szczecin.pl\/index.php\/wp-json\/wp\/v2\/comments?post=10651"}],"version-history":[{"count":3,"href":"https:\/\/lo6.szczecin.pl\/index.php\/wp-json\/wp\/v2\/posts\/10651\/revisions"}],"predecessor-version":[{"id":10656,"href":"https:\/\/lo6.szczecin.pl\/index.php\/wp-json\/wp\/v2\/posts\/10651\/revisions\/10656"}],"wp:featuredmedia":[{"embeddable":true,"href":"https:\/\/lo6.szczecin.pl\/index.php\/wp-json\/wp\/v2\/media\/8905"}],"wp:attachment":[{"href":"https:\/\/lo6.szczecin.pl\/index.php\/wp-json\/wp\/v2\/media?parent=10651"}],"wp:term":[{"taxonomy":"category","embeddable":true,"href":"https:\/\/lo6.szczecin.pl\/index.php\/wp-json\/wp\/v2\/categories?post=10651"},{"taxonomy":"post_tag","embeddable":true,"href":"https:\/\/lo6.szczecin.pl\/index.php\/wp-json\/wp\/v2\/tags?post=10651"}],"curies":[{"name":"wp","href":"https:\/\/api.w.org\/{rel}","templated":true}]}}