{"id":10621,"date":"2022-03-22T13:55:42","date_gmt":"2022-03-22T12:55:42","guid":{"rendered":"https:\/\/lo6.szczecin.pl\/?p=10621"},"modified":"2022-03-24T07:16:09","modified_gmt":"2022-03-24T06:16:09","slug":"zebrania-z-rodzicami-25","status":"publish","type":"post","link":"https:\/\/lo6.szczecin.pl\/index.php\/2022\/03\/22\/zebrania-z-rodzicami-25\/","title":{"rendered":"Zebrania z Rodzicami"},"content":{"rendered":"<p style=\"padding-left: 40px;\">Dnia 24 marca 2022 r. odb\u0119d\u0105 si\u0119 zdalne zebrania z rodzicami uczni\u00f3w wszystkich klas VI LO:<\/p>\n<ol>\n<li style=\"list-style-type: none;\">\n<ol>\n<li><strong>Zebrania z rodzicami uczni\u00f3w klas I i II<\/strong> &#8211;<strong> godz. 17.00<\/strong> &#8211; post\u0119py uczni\u00f3w w nauce, bie\u017c\u0105ca praca szko\u0142y<\/li>\n<li><strong>Zebrania z rodzicami uczni\u00f3w klas III<\/strong> &#8211;<strong> godz. 18.00<\/strong> &#8211; przewidywane oceny roczne z przedmiot\u00f3w i zachowania uczni\u00f3w klas III po GM, w tym <strong>zagro\u017cenia ocenami niedostatecznymi;<\/strong> post\u0119py w nauce uczni\u00f3w klas III po\u00a0SP; bie\u017c\u0105ca praca szko\u0142y<\/li>\n<\/ol>\n<\/li>\n<\/ol>\n<p style=\"padding-left: 40px;\"><strong>Konsultacje indywidualne dla rodzic\u00f3w &#8211; wszyscy nauczyciele w godz. 17.00 &#8211; 19.00<\/strong><\/p>\n<p style=\"padding-left: 40px;\">ZEBRANIA i KONSULTACJE W FORMIE ZDALNEJ &#8211; wyj\u0105tek stanowi klasa 1b1, kt\u00f3ra b\u0119dzie mia\u0142a zebranie stacjonarne.<\/p>\n","protected":false},"excerpt":{"rendered":"<p>Dnia 24 marca 2022 r. odb\u0119d\u0105 si\u0119 zdalne zebrania z rodzicami uczni\u00f3w wszystkich klas VI LO: Zebrania z rodzicami uczni\u00f3w klas I i II &#8211; godz. 17.00 &#8211; post\u0119py uczni\u00f3w w nauce, bie\u017c\u0105ca praca szko\u0142y Zebrania z rodzicami uczni\u00f3w klas III &#8211; godz. 18.00 &#8211; przewidywane oceny roczne z przedmiot\u00f3w i zachowania uczni\u00f3w klas III&#8230;<\/p>\n","protected":false},"author":4,"featured_media":0,"comment_status":"closed","ping_status":"closed","sticky":false,"template":"","format":"gallery","meta":{"_acf_changed":false,"_s2mail":"","footnotes":""},"categories":[1],"tags":[],"class_list":["post-10621","post","type-post","status-publish","format-gallery","hentry","category-bez-kategorii","post_format-post-format-gallery"],"acf":[],"_links":{"self":[{"href":"https:\/\/lo6.szczecin.pl\/index.php\/wp-json\/wp\/v2\/posts\/10621","targetHints":{"allow":["GET"]}}],"collection":[{"href":"https:\/\/lo6.szczecin.pl\/index.php\/wp-json\/wp\/v2\/posts"}],"about":[{"href":"https:\/\/lo6.szczecin.pl\/index.php\/wp-json\/wp\/v2\/types\/post"}],"author":[{"embeddable":true,"href":"https:\/\/lo6.szczecin.pl\/index.php\/wp-json\/wp\/v2\/users\/4"}],"replies":[{"embeddable":true,"href":"https:\/\/lo6.szczecin.pl\/index.php\/wp-json\/wp\/v2\/comments?post=10621"}],"version-history":[{"count":4,"href":"https:\/\/lo6.szczecin.pl\/index.php\/wp-json\/wp\/v2\/posts\/10621\/revisions"}],"predecessor-version":[{"id":10626,"href":"https:\/\/lo6.szczecin.pl\/index.php\/wp-json\/wp\/v2\/posts\/10621\/revisions\/10626"}],"wp:attachment":[{"href":"https:\/\/lo6.szczecin.pl\/index.php\/wp-json\/wp\/v2\/media?parent=10621"}],"wp:term":[{"taxonomy":"category","embeddable":true,"href":"https:\/\/lo6.szczecin.pl\/index.php\/wp-json\/wp\/v2\/categories?post=10621"},{"taxonomy":"post_tag","embeddable":true,"href":"https:\/\/lo6.szczecin.pl\/index.php\/wp-json\/wp\/v2\/tags?post=10621"}],"curies":[{"name":"wp","href":"https:\/\/api.w.org\/{rel}","templated":true}]}}